{"id":10005,"date":"2026-05-02T00:02:00","date_gmt":"2026-05-01T22:02:00","guid":{"rendered":"http:\/\/ecclesiae.de\/blog\/?p=10005"},"modified":"2026-04-08T10:18:37","modified_gmt":"2026-04-08T08:18:37","slug":"02-mai","status":"publish","type":"post","link":"https:\/\/ecclesiae.de\/blog\/?p=10005","title":{"rendered":"02. Mai"},"content":{"rendered":"\n<div class=\"wp-block-media-text alignwide is-stacked-on-mobile\"><figure class=\"wp-block-media-text__media\"><img loading=\"lazy\" decoding=\"async\" width=\"639\" height=\"1024\" src=\"https:\/\/ecclesiae.de\/blog\/wp-content\/uploads\/2019\/08\/xx-639x1024.jpg\" alt=\"\" class=\"wp-image-7629 size-full\" srcset=\"https:\/\/ecclesiae.de\/blog\/wp-content\/uploads\/2019\/08\/xx-639x1024.jpg 639w, https:\/\/ecclesiae.de\/blog\/wp-content\/uploads\/2019\/08\/xx-187x300.jpg 187w, https:\/\/ecclesiae.de\/blog\/wp-content\/uploads\/2019\/08\/xx-768x1230.jpg 768w, https:\/\/ecclesiae.de\/blog\/wp-content\/uploads\/2019\/08\/xx.jpg 1686w\" sizes=\"auto, (max-width: 639px) 100vw, 639px\" \/><\/figure><div class=\"wp-block-media-text__content\">\n<p class=\"has-text-align-center\" style=\"font-size:16px\">Das Mart. Rom., wo der glorreicher Name des heiligen <a href=\"http:\/\/ecclesiaeveritas.net\/index.php?title=Athanasius\">Athanasius<\/a> auch am 2. Mai steht, sagt, alles Bisherige zusammenfassend: <\/p>\n\n\n\n<p class=\"has-text-align-center\" style=\"font-size:16px\"><strong>\u00bbGegen Athanasius, der durch Heiligkeit und Wissenschaft ausgezeichnet war, hatte sich beinahe der ganze Erdkreis verschworen; er aber verteidigte den katholischen Glauben von der Zeit Constantins bis zu Valens <em>(318-371, also etwas mehr als ein halbes Jahrhundert)<\/em> <\/strong><\/p>\n<\/div><\/div>\n\n\n\n<p class=\"has-text-align-center\" style=\"font-size:16px\">gegen Kaiser, Statthalter und eine unz\u00e4hlige Schaar arianischer Bisch\u00f6fe mutvoll trotz all der vielen Nachstellungen, bei welchen er, auf dem ganzen Erdkreis fl\u00fcchtig, kaum einen Ort fand, wo er sich h\u00e4tte verbergen k\u00f6nnen; endlich war es ihm nach langen K\u00e4mpfen und vielen Kronen einer unersch\u00f6pflichen Geduld verg\u00f6nnt, zu seiner geliebten Herde zur\u00fcckzukehren, wo er dann zum Herrn heimkehrte im 46. Jahre seines Hohenpriestertums unter den Kaisern Valentinianus und Valens.\u00ab<\/p>\n","protected":false},"excerpt":{"rendered":"<p>Das Mart. Rom., wo der glorreicher Name des heiligen Athanasius auch am 2. Mai steht, sagt, alles Bisherige zusammenfassend: \u00bbGegen Athanasius, der durch Heiligkeit und Wissenschaft ausgezeichnet war, hatte sich beinahe der ganze Erdkreis verschworen; er aber verteidigte den katholischen &hellip; <a href=\"https:\/\/ecclesiae.de\/blog\/?p=10005\">Weiterlesen <span class=\"meta-nav\">&rarr;<\/span><\/a><\/p>\n","protected":false},"author":3,"featured_media":0,"comment_status":"open","ping_status":"closed","sticky":false,"template":"","format":"standard","meta":{"footnotes":""},"categories":[1],"tags":[],"class_list":["post-10005","post","type-post","status-publish","format-standard","hentry","category-uncategorized"],"_links":{"self":[{"href":"https:\/\/ecclesiae.de\/blog\/index.php?rest_route=\/wp\/v2\/posts\/10005","targetHints":{"allow":["GET"]}}],"collection":[{"href":"https:\/\/ecclesiae.de\/blog\/index.php?rest_route=\/wp\/v2\/posts"}],"about":[{"href":"https:\/\/ecclesiae.de\/blog\/index.php?rest_route=\/wp\/v2\/types\/post"}],"author":[{"embeddable":true,"href":"https:\/\/ecclesiae.de\/blog\/index.php?rest_route=\/wp\/v2\/users\/3"}],"replies":[{"embeddable":true,"href":"https:\/\/ecclesiae.de\/blog\/index.php?rest_route=%2Fwp%2Fv2%2Fcomments&post=10005"}],"version-history":[{"count":1,"href":"https:\/\/ecclesiae.de\/blog\/index.php?rest_route=\/wp\/v2\/posts\/10005\/revisions"}],"predecessor-version":[{"id":10006,"href":"https:\/\/ecclesiae.de\/blog\/index.php?rest_route=\/wp\/v2\/posts\/10005\/revisions\/10006"}],"wp:attachment":[{"href":"https:\/\/ecclesiae.de\/blog\/index.php?rest_route=%2Fwp%2Fv2%2Fmedia&parent=10005"}],"wp:term":[{"taxonomy":"category","embeddable":true,"href":"https:\/\/ecclesiae.de\/blog\/index.php?rest_route=%2Fwp%2Fv2%2Fcategories&post=10005"},{"taxonomy":"post_tag","embeddable":true,"href":"https:\/\/ecclesiae.de\/blog\/index.php?rest_route=%2Fwp%2Fv2%2Ftags&post=10005"}],"curies":[{"name":"wp","href":"https:\/\/api.w.org\/{rel}","templated":true}]}}