{"id":10192,"date":"2022-07-28T00:01:00","date_gmt":"2022-07-28T00:01:00","guid":{"rendered":"http:\/\/ecclesiae.de\/blog\/?p=10192"},"modified":"2022-05-02T13:51:08","modified_gmt":"2022-05-02T13:51:08","slug":"28-juli-2","status":"publish","type":"post","link":"https:\/\/ecclesiae.de\/blog\/?p=10192","title":{"rendered":"28. Juli"},"content":{"rendered":"\n<div class=\"wp-block-media-text alignwide is-stacked-on-mobile\"><figure class=\"wp-block-media-text__media\"><img loading=\"lazy\" decoding=\"async\" width=\"1024\" height=\"768\" src=\"https:\/\/ecclesiae.de\/blog\/wp-content\/uploads\/2015\/08\/DSCN0015-1024x768.jpg\" alt=\"\" class=\"wp-image-3732 size-full\" srcset=\"https:\/\/ecclesiae.de\/blog\/wp-content\/uploads\/2015\/08\/DSCN0015-1024x768.jpg 1024w, https:\/\/ecclesiae.de\/blog\/wp-content\/uploads\/2015\/08\/DSCN0015-300x225.jpg 300w, https:\/\/ecclesiae.de\/blog\/wp-content\/uploads\/2015\/08\/DSCN0015-400x300.jpg 400w, https:\/\/ecclesiae.de\/blog\/wp-content\/uploads\/2015\/08\/DSCN0015.jpg 1600w\" sizes=\"auto, (max-width: 1024px) 100vw, 1024px\" \/><\/figure><div class=\"wp-block-media-text__content\">\n<p class=\"has-text-align-center\">Allm\u00e4chtiger, ewiger Gott, am Abend, am Morgen und am Mittag preisen wir deine g\u00f6ttliche Herrlichkeit und bitten: Vertreibe aus unserem Herzen die Finsternis der S\u00fcnde, damit wir zum wahren Licht gelangen, zu Christus, deinem Sohn, unserem Herrn und Gott, der in der Einheit des Heiligen Geistes mit dir lebt und herrscht in alle Ewigkeit. <\/p>\n\n\n\n<p class=\"has-text-align-center\">(<a href=\"http:\/\/vulgata.info\/index.php?title=Kategorie:Stundenbuch:Jahreskreis:01.Woche:Donnerstag\">Oration der Laudes 17. Woche im Jahreskreis Donnerstag<\/a>)<\/p>\n<\/div><\/div>\n","protected":false},"excerpt":{"rendered":"<p>Allm\u00e4chtiger, ewiger Gott, am Abend, am Morgen und am Mittag preisen wir deine g\u00f6ttliche Herrlichkeit und bitten: Vertreibe aus unserem Herzen die Finsternis der S\u00fcnde, damit wir zum wahren Licht gelangen, zu Christus, deinem Sohn, unserem Herrn und Gott, der &hellip; <a href=\"https:\/\/ecclesiae.de\/blog\/?p=10192\">Weiterlesen <span class=\"meta-nav\">&rarr;<\/span><\/a><\/p>\n","protected":false},"author":3,"featured_media":0,"comment_status":"open","ping_status":"closed","sticky":false,"template":"","format":"standard","meta":{"footnotes":""},"categories":[1],"tags":[],"class_list":["post-10192","post","type-post","status-publish","format-standard","hentry","category-uncategorized"],"_links":{"self":[{"href":"https:\/\/ecclesiae.de\/blog\/index.php?rest_route=\/wp\/v2\/posts\/10192","targetHints":{"allow":["GET"]}}],"collection":[{"href":"https:\/\/ecclesiae.de\/blog\/index.php?rest_route=\/wp\/v2\/posts"}],"about":[{"href":"https:\/\/ecclesiae.de\/blog\/index.php?rest_route=\/wp\/v2\/types\/post"}],"author":[{"embeddable":true,"href":"https:\/\/ecclesiae.de\/blog\/index.php?rest_route=\/wp\/v2\/users\/3"}],"replies":[{"embeddable":true,"href":"https:\/\/ecclesiae.de\/blog\/index.php?rest_route=%2Fwp%2Fv2%2Fcomments&post=10192"}],"version-history":[{"count":1,"href":"https:\/\/ecclesiae.de\/blog\/index.php?rest_route=\/wp\/v2\/posts\/10192\/revisions"}],"predecessor-version":[{"id":10193,"href":"https:\/\/ecclesiae.de\/blog\/index.php?rest_route=\/wp\/v2\/posts\/10192\/revisions\/10193"}],"wp:attachment":[{"href":"https:\/\/ecclesiae.de\/blog\/index.php?rest_route=%2Fwp%2Fv2%2Fmedia&parent=10192"}],"wp:term":[{"taxonomy":"category","embeddable":true,"href":"https:\/\/ecclesiae.de\/blog\/index.php?rest_route=%2Fwp%2Fv2%2Fcategories&post=10192"},{"taxonomy":"post_tag","embeddable":true,"href":"https:\/\/ecclesiae.de\/blog\/index.php?rest_route=%2Fwp%2Fv2%2Ftags&post=10192"}],"curies":[{"name":"wp","href":"https:\/\/api.w.org\/{rel}","templated":true}]}}