{"id":10212,"date":"2022-08-03T00:00:00","date_gmt":"2022-08-03T00:00:00","guid":{"rendered":"http:\/\/ecclesiae.de\/blog\/?p=10212"},"modified":"2022-07-06T08:52:04","modified_gmt":"2022-07-06T08:52:04","slug":"03-august-2","status":"publish","type":"post","link":"https:\/\/ecclesiae.de\/blog\/?p=10212","title":{"rendered":"03. August"},"content":{"rendered":"\n<div class=\"wp-block-media-text alignwide is-stacked-on-mobile\"><figure class=\"wp-block-media-text__media\"><img loading=\"lazy\" decoding=\"async\" width=\"1024\" height=\"768\" src=\"https:\/\/ecclesiae.de\/blog\/wp-content\/uploads\/2015\/10\/Kinder-laufen-1024x768.jpg\" alt=\"\" class=\"wp-image-3891 size-full\" srcset=\"https:\/\/ecclesiae.de\/blog\/wp-content\/uploads\/2015\/10\/Kinder-laufen-1024x768.jpg 1024w, https:\/\/ecclesiae.de\/blog\/wp-content\/uploads\/2015\/10\/Kinder-laufen-300x225.jpg 300w, https:\/\/ecclesiae.de\/blog\/wp-content\/uploads\/2015\/10\/Kinder-laufen-400x300.jpg 400w, https:\/\/ecclesiae.de\/blog\/wp-content\/uploads\/2015\/10\/Kinder-laufen.jpg 2048w\" sizes=\"auto, (max-width: 1024px) 100vw, 1024px\" \/><\/figure><div class=\"wp-block-media-text__content\">\n<p class=\"has-text-align-center\" style=\"font-size:15px\">Der Ruf der Heiligkeit des heiligen <a href=\"http:\/\/ecclesiaeveritas.net\/index.php?title=Benno_von_Einsiedeln\">Benno<\/a> verbreitete sich so, dass er im Jahre 927 von den Kanonikern von Metz zum Bischof dieser Stadt erw\u00e4hlt wurde, welchem Amte er jedoch nicht lange vorstand, indem er nach zwei Jahren von einigen reichen und gottlosen B\u00fcrgern, denen er wegen seines Eifers missfiel, ergriffen, in&#8217;s Gef\u00e4ngnis geworfen und der Augen beraubt wurde, welche Misshandlung er mit Freuden ertrug, weil sie ihm einen gegr\u00fcndeten Vorwand gab, sein Bistum niederzulegen und nach Einsiedeln zur\u00fcckzukehren, wo er am 3. Aug. 940 sein gottseliges Leben beschloss.<\/p>\n<\/div><\/div>\n","protected":false},"excerpt":{"rendered":"<p>Der Ruf der Heiligkeit des heiligen Benno verbreitete sich so, dass er im Jahre 927 von den Kanonikern von Metz zum Bischof dieser Stadt erw\u00e4hlt wurde, welchem Amte er jedoch nicht lange vorstand, indem er nach zwei Jahren von einigen &hellip; <a href=\"https:\/\/ecclesiae.de\/blog\/?p=10212\">Weiterlesen <span class=\"meta-nav\">&rarr;<\/span><\/a><\/p>\n","protected":false},"author":3,"featured_media":0,"comment_status":"open","ping_status":"closed","sticky":false,"template":"","format":"standard","meta":{"footnotes":""},"categories":[1],"tags":[],"class_list":["post-10212","post","type-post","status-publish","format-standard","hentry","category-uncategorized"],"_links":{"self":[{"href":"https:\/\/ecclesiae.de\/blog\/index.php?rest_route=\/wp\/v2\/posts\/10212","targetHints":{"allow":["GET"]}}],"collection":[{"href":"https:\/\/ecclesiae.de\/blog\/index.php?rest_route=\/wp\/v2\/posts"}],"about":[{"href":"https:\/\/ecclesiae.de\/blog\/index.php?rest_route=\/wp\/v2\/types\/post"}],"author":[{"embeddable":true,"href":"https:\/\/ecclesiae.de\/blog\/index.php?rest_route=\/wp\/v2\/users\/3"}],"replies":[{"embeddable":true,"href":"https:\/\/ecclesiae.de\/blog\/index.php?rest_route=%2Fwp%2Fv2%2Fcomments&post=10212"}],"version-history":[{"count":1,"href":"https:\/\/ecclesiae.de\/blog\/index.php?rest_route=\/wp\/v2\/posts\/10212\/revisions"}],"predecessor-version":[{"id":10213,"href":"https:\/\/ecclesiae.de\/blog\/index.php?rest_route=\/wp\/v2\/posts\/10212\/revisions\/10213"}],"wp:attachment":[{"href":"https:\/\/ecclesiae.de\/blog\/index.php?rest_route=%2Fwp%2Fv2%2Fmedia&parent=10212"}],"wp:term":[{"taxonomy":"category","embeddable":true,"href":"https:\/\/ecclesiae.de\/blog\/index.php?rest_route=%2Fwp%2Fv2%2Fcategories&post=10212"},{"taxonomy":"post_tag","embeddable":true,"href":"https:\/\/ecclesiae.de\/blog\/index.php?rest_route=%2Fwp%2Fv2%2Ftags&post=10212"}],"curies":[{"name":"wp","href":"https:\/\/api.w.org\/{rel}","templated":true}]}}