{"id":1160,"date":"2013-03-09T00:00:36","date_gmt":"2013-03-09T00:00:36","guid":{"rendered":"http:\/\/ecclesiae.de\/blog\/?p=1160"},"modified":"2013-03-03T15:02:36","modified_gmt":"2013-03-03T15:02:36","slug":"09-marz-jahr-des-glaubens","status":"publish","type":"post","link":"https:\/\/ecclesiae.de\/blog\/?p=1160","title":{"rendered":"09. M\u00e4rz &#8211; &#8222;Jahr des Glaubens&#8220;"},"content":{"rendered":"<p>Ich will keine absonderliche, unruhige, traurige und verdrossene Fr\u00f6mmigkeit,<\/p>\n<p>sondern eine milde, sanfte, angenehme und friedliche, mit einem Wort:<\/p>\n<p>eine freie und fr\u00f6hliche Fr\u00f6mmigkeit, die liebensw\u00fcrdig ist vor Gott und den Menschen.<\/p>\n<p>&nbsp;<\/p>\n<p>(Franz von Sales)<\/p>\n","protected":false},"excerpt":{"rendered":"<p>Ich will keine absonderliche, unruhige, traurige und verdrossene Fr\u00f6mmigkeit, sondern eine milde, sanfte, angenehme und friedliche, mit einem Wort: eine freie und fr\u00f6hliche Fr\u00f6mmigkeit, die liebensw\u00fcrdig ist vor Gott und den Menschen. &nbsp; (Franz von Sales)<\/p>\n","protected":false},"author":3,"featured_media":0,"comment_status":"open","ping_status":"closed","sticky":false,"template":"","format":"standard","meta":{"footnotes":""},"categories":[1],"tags":[],"class_list":["post-1160","post","type-post","status-publish","format-standard","hentry","category-uncategorized"],"_links":{"self":[{"href":"https:\/\/ecclesiae.de\/blog\/index.php?rest_route=\/wp\/v2\/posts\/1160","targetHints":{"allow":["GET"]}}],"collection":[{"href":"https:\/\/ecclesiae.de\/blog\/index.php?rest_route=\/wp\/v2\/posts"}],"about":[{"href":"https:\/\/ecclesiae.de\/blog\/index.php?rest_route=\/wp\/v2\/types\/post"}],"author":[{"embeddable":true,"href":"https:\/\/ecclesiae.de\/blog\/index.php?rest_route=\/wp\/v2\/users\/3"}],"replies":[{"embeddable":true,"href":"https:\/\/ecclesiae.de\/blog\/index.php?rest_route=%2Fwp%2Fv2%2Fcomments&post=1160"}],"version-history":[{"count":2,"href":"https:\/\/ecclesiae.de\/blog\/index.php?rest_route=\/wp\/v2\/posts\/1160\/revisions"}],"predecessor-version":[{"id":1162,"href":"https:\/\/ecclesiae.de\/blog\/index.php?rest_route=\/wp\/v2\/posts\/1160\/revisions\/1162"}],"wp:attachment":[{"href":"https:\/\/ecclesiae.de\/blog\/index.php?rest_route=%2Fwp%2Fv2%2Fmedia&parent=1160"}],"wp:term":[{"taxonomy":"category","embeddable":true,"href":"https:\/\/ecclesiae.de\/blog\/index.php?rest_route=%2Fwp%2Fv2%2Fcategories&post=1160"},{"taxonomy":"post_tag","embeddable":true,"href":"https:\/\/ecclesiae.de\/blog\/index.php?rest_route=%2Fwp%2Fv2%2Ftags&post=1160"}],"curies":[{"name":"wp","href":"https:\/\/api.w.org\/{rel}","templated":true}]}}