{"id":1168,"date":"2013-03-12T00:00:06","date_gmt":"2013-03-12T00:00:06","guid":{"rendered":"http:\/\/ecclesiae.de\/blog\/?p=1168"},"modified":"2013-03-03T15:18:32","modified_gmt":"2013-03-03T15:18:32","slug":"12-marz-jahr-des-glaubens","status":"publish","type":"post","link":"https:\/\/ecclesiae.de\/blog\/?p=1168","title":{"rendered":"12. M\u00e4rz &#8211; &#8222;Jahr des Glaubens&#8220;"},"content":{"rendered":"<p>Ein Wort, ein liebensw\u00fcrdiges L\u00e4cheln gen\u00fcgen oft,<\/p>\n<p>um einen niedergeschlagenen Menschen aufzuheitern.<\/p>\n<p>(Theresia von Lisieux)<\/p>\n","protected":false},"excerpt":{"rendered":"<p>Ein Wort, ein liebensw\u00fcrdiges L\u00e4cheln gen\u00fcgen oft, um einen niedergeschlagenen Menschen aufzuheitern. (Theresia von Lisieux)<\/p>\n","protected":false},"author":3,"featured_media":0,"comment_status":"open","ping_status":"closed","sticky":false,"template":"","format":"standard","meta":{"footnotes":""},"categories":[1],"tags":[],"class_list":["post-1168","post","type-post","status-publish","format-standard","hentry","category-uncategorized"],"_links":{"self":[{"href":"https:\/\/ecclesiae.de\/blog\/index.php?rest_route=\/wp\/v2\/posts\/1168","targetHints":{"allow":["GET"]}}],"collection":[{"href":"https:\/\/ecclesiae.de\/blog\/index.php?rest_route=\/wp\/v2\/posts"}],"about":[{"href":"https:\/\/ecclesiae.de\/blog\/index.php?rest_route=\/wp\/v2\/types\/post"}],"author":[{"embeddable":true,"href":"https:\/\/ecclesiae.de\/blog\/index.php?rest_route=\/wp\/v2\/users\/3"}],"replies":[{"embeddable":true,"href":"https:\/\/ecclesiae.de\/blog\/index.php?rest_route=%2Fwp%2Fv2%2Fcomments&post=1168"}],"version-history":[{"count":2,"href":"https:\/\/ecclesiae.de\/blog\/index.php?rest_route=\/wp\/v2\/posts\/1168\/revisions"}],"predecessor-version":[{"id":1170,"href":"https:\/\/ecclesiae.de\/blog\/index.php?rest_route=\/wp\/v2\/posts\/1168\/revisions\/1170"}],"wp:attachment":[{"href":"https:\/\/ecclesiae.de\/blog\/index.php?rest_route=%2Fwp%2Fv2%2Fmedia&parent=1168"}],"wp:term":[{"taxonomy":"category","embeddable":true,"href":"https:\/\/ecclesiae.de\/blog\/index.php?rest_route=%2Fwp%2Fv2%2Fcategories&post=1168"},{"taxonomy":"post_tag","embeddable":true,"href":"https:\/\/ecclesiae.de\/blog\/index.php?rest_route=%2Fwp%2Fv2%2Ftags&post=1168"}],"curies":[{"name":"wp","href":"https:\/\/api.w.org\/{rel}","templated":true}]}}