{"id":1173,"date":"2013-03-14T00:00:47","date_gmt":"2013-03-14T00:00:47","guid":{"rendered":"http:\/\/ecclesiae.de\/blog\/?p=1173"},"modified":"2013-03-03T15:29:08","modified_gmt":"2013-03-03T15:29:08","slug":"14-marz-jahr-des-glaubens","status":"publish","type":"post","link":"https:\/\/ecclesiae.de\/blog\/?p=1173","title":{"rendered":"14. M\u00e4rz &#8211; &#8222;Jahr des Glaubens&#8220;"},"content":{"rendered":"<p>Gott, du liebst die Menschen, die Frieden stiften und barmherzig sind. Mit deiner Hilfe hat die heilige K\u00f6nigin Mathilde Streitende vers\u00f6hnt und den Notleidenden geholfen. Schenke auch uns G\u00fcte und Geduld und mache uns zum Werkzeug deines Friedens. Darum bitten wir durch Jesus Christus.<\/p>\n<p>(Oration aus der <a href=\"http:\/\/vulgata.info\/index.php\/Mathilde\">Laudes<\/a> zum Fest der Hl. Mathilde)<\/p>\n","protected":false},"excerpt":{"rendered":"<p>Gott, du liebst die Menschen, die Frieden stiften und barmherzig sind. Mit deiner Hilfe hat die heilige K\u00f6nigin Mathilde Streitende vers\u00f6hnt und den Notleidenden geholfen. Schenke auch uns G\u00fcte und Geduld und mache uns zum Werkzeug deines Friedens. Darum bitten &hellip; <a href=\"https:\/\/ecclesiae.de\/blog\/?p=1173\">Weiterlesen <span class=\"meta-nav\">&rarr;<\/span><\/a><\/p>\n","protected":false},"author":3,"featured_media":0,"comment_status":"open","ping_status":"closed","sticky":false,"template":"","format":"standard","meta":{"footnotes":""},"categories":[1],"tags":[],"class_list":["post-1173","post","type-post","status-publish","format-standard","hentry","category-uncategorized"],"_links":{"self":[{"href":"https:\/\/ecclesiae.de\/blog\/index.php?rest_route=\/wp\/v2\/posts\/1173","targetHints":{"allow":["GET"]}}],"collection":[{"href":"https:\/\/ecclesiae.de\/blog\/index.php?rest_route=\/wp\/v2\/posts"}],"about":[{"href":"https:\/\/ecclesiae.de\/blog\/index.php?rest_route=\/wp\/v2\/types\/post"}],"author":[{"embeddable":true,"href":"https:\/\/ecclesiae.de\/blog\/index.php?rest_route=\/wp\/v2\/users\/3"}],"replies":[{"embeddable":true,"href":"https:\/\/ecclesiae.de\/blog\/index.php?rest_route=%2Fwp%2Fv2%2Fcomments&post=1173"}],"version-history":[{"count":2,"href":"https:\/\/ecclesiae.de\/blog\/index.php?rest_route=\/wp\/v2\/posts\/1173\/revisions"}],"predecessor-version":[{"id":1175,"href":"https:\/\/ecclesiae.de\/blog\/index.php?rest_route=\/wp\/v2\/posts\/1173\/revisions\/1175"}],"wp:attachment":[{"href":"https:\/\/ecclesiae.de\/blog\/index.php?rest_route=%2Fwp%2Fv2%2Fmedia&parent=1173"}],"wp:term":[{"taxonomy":"category","embeddable":true,"href":"https:\/\/ecclesiae.de\/blog\/index.php?rest_route=%2Fwp%2Fv2%2Fcategories&post=1173"},{"taxonomy":"post_tag","embeddable":true,"href":"https:\/\/ecclesiae.de\/blog\/index.php?rest_route=%2Fwp%2Fv2%2Ftags&post=1173"}],"curies":[{"name":"wp","href":"https:\/\/api.w.org\/{rel}","templated":true}]}}