{"id":1176,"date":"2013-03-15T00:00:34","date_gmt":"2013-03-15T00:00:34","guid":{"rendered":"http:\/\/ecclesiae.de\/blog\/?p=1176"},"modified":"2013-03-03T15:34:19","modified_gmt":"2013-03-03T15:34:19","slug":"15-marz-jahr-des-glaubens","status":"publish","type":"post","link":"https:\/\/ecclesiae.de\/blog\/?p=1176","title":{"rendered":"15. M\u00e4rz &#8211; &#8222;Jahr des Glaubens&#8220;"},"content":{"rendered":"<p>Wenn sich vielleicht jemand unter euch befindet, der im Glauben schwach ist,f\u00fcr den wei\u00df ich kein kr\u00e4ftigeres Mittel, im Glauben zu erstarken, als t\u00e4glich auf den Knien mit Andacht ein Ave Maria zu beten. Die bedr\u00e4ngte Seele wird Ruhe finden! Und durch das Rosenkranzgebet habe ich alles erlangt, was ich gew\u00fcnscht habe!<\/p>\n<p>(Klemens Maria Hofbauer)<\/p>\n<p>&nbsp;<\/p>\n<p>&nbsp;<\/p>\n<p><b><span style=\"color: green;\">\u00a0<\/span><\/b><\/p>\n","protected":false},"excerpt":{"rendered":"<p>Wenn sich vielleicht jemand unter euch befindet, der im Glauben schwach ist,f\u00fcr den wei\u00df ich kein kr\u00e4ftigeres Mittel, im Glauben zu erstarken, als t\u00e4glich auf den Knien mit Andacht ein Ave Maria zu beten. Die bedr\u00e4ngte Seele wird Ruhe finden! &hellip; <a href=\"https:\/\/ecclesiae.de\/blog\/?p=1176\">Weiterlesen <span class=\"meta-nav\">&rarr;<\/span><\/a><\/p>\n","protected":false},"author":3,"featured_media":0,"comment_status":"open","ping_status":"closed","sticky":false,"template":"","format":"standard","meta":{"footnotes":""},"categories":[1],"tags":[],"class_list":["post-1176","post","type-post","status-publish","format-standard","hentry","category-uncategorized"],"_links":{"self":[{"href":"https:\/\/ecclesiae.de\/blog\/index.php?rest_route=\/wp\/v2\/posts\/1176","targetHints":{"allow":["GET"]}}],"collection":[{"href":"https:\/\/ecclesiae.de\/blog\/index.php?rest_route=\/wp\/v2\/posts"}],"about":[{"href":"https:\/\/ecclesiae.de\/blog\/index.php?rest_route=\/wp\/v2\/types\/post"}],"author":[{"embeddable":true,"href":"https:\/\/ecclesiae.de\/blog\/index.php?rest_route=\/wp\/v2\/users\/3"}],"replies":[{"embeddable":true,"href":"https:\/\/ecclesiae.de\/blog\/index.php?rest_route=%2Fwp%2Fv2%2Fcomments&post=1176"}],"version-history":[{"count":1,"href":"https:\/\/ecclesiae.de\/blog\/index.php?rest_route=\/wp\/v2\/posts\/1176\/revisions"}],"predecessor-version":[{"id":1177,"href":"https:\/\/ecclesiae.de\/blog\/index.php?rest_route=\/wp\/v2\/posts\/1176\/revisions\/1177"}],"wp:attachment":[{"href":"https:\/\/ecclesiae.de\/blog\/index.php?rest_route=%2Fwp%2Fv2%2Fmedia&parent=1176"}],"wp:term":[{"taxonomy":"category","embeddable":true,"href":"https:\/\/ecclesiae.de\/blog\/index.php?rest_route=%2Fwp%2Fv2%2Fcategories&post=1176"},{"taxonomy":"post_tag","embeddable":true,"href":"https:\/\/ecclesiae.de\/blog\/index.php?rest_route=%2Fwp%2Fv2%2Ftags&post=1176"}],"curies":[{"name":"wp","href":"https:\/\/api.w.org\/{rel}","templated":true}]}}