{"id":1186,"date":"2013-03-19T00:00:13","date_gmt":"2013-03-19T00:00:13","guid":{"rendered":"http:\/\/ecclesiae.de\/blog\/?p=1186"},"modified":"2013-03-03T15:52:59","modified_gmt":"2013-03-03T15:52:59","slug":"19-marz-jahr-des-glaubens","status":"publish","type":"post","link":"https:\/\/ecclesiae.de\/blog\/?p=1186","title":{"rendered":"19. M\u00e4rz &#8211; &#8222;Jahr des Glaubens&#8220;"},"content":{"rendered":"<p><a href=\"http:\/\/ecclesiaeveritas.net\/index.php\/Josef\">Josef<\/a> aber, ihr Mann, der gerecht war und sie nicht blo\u00dfstellen wollte, beschlo\u00df, sie heimlich zu entlassen. W\u00e4hrend er aber solches erwog, siehe da erschien ihm ein Engel des Herrn im Traum und sprach: Josef, Sohn Davids, scheue dich nicht, Maria als deine Gemahlin zu dir zu nehmen; denn das in ihr Gewordene stammt vom Heiligen Geist\u201c<\/p>\n<p>(<a href=\"http:\/\/vulgata.info\/index.php\/Kategorie:Vulgata:NT:Mt01\">Matth\u00e4us 1,19-20<\/a>)<\/p>\n","protected":false},"excerpt":{"rendered":"<p>Josef aber, ihr Mann, der gerecht war und sie nicht blo\u00dfstellen wollte, beschlo\u00df, sie heimlich zu entlassen. W\u00e4hrend er aber solches erwog, siehe da erschien ihm ein Engel des Herrn im Traum und sprach: Josef, Sohn Davids, scheue dich nicht, &hellip; <a href=\"https:\/\/ecclesiae.de\/blog\/?p=1186\">Weiterlesen <span class=\"meta-nav\">&rarr;<\/span><\/a><\/p>\n","protected":false},"author":3,"featured_media":0,"comment_status":"open","ping_status":"closed","sticky":false,"template":"","format":"standard","meta":{"footnotes":""},"categories":[1],"tags":[],"class_list":["post-1186","post","type-post","status-publish","format-standard","hentry","category-uncategorized"],"_links":{"self":[{"href":"https:\/\/ecclesiae.de\/blog\/index.php?rest_route=\/wp\/v2\/posts\/1186","targetHints":{"allow":["GET"]}}],"collection":[{"href":"https:\/\/ecclesiae.de\/blog\/index.php?rest_route=\/wp\/v2\/posts"}],"about":[{"href":"https:\/\/ecclesiae.de\/blog\/index.php?rest_route=\/wp\/v2\/types\/post"}],"author":[{"embeddable":true,"href":"https:\/\/ecclesiae.de\/blog\/index.php?rest_route=\/wp\/v2\/users\/3"}],"replies":[{"embeddable":true,"href":"https:\/\/ecclesiae.de\/blog\/index.php?rest_route=%2Fwp%2Fv2%2Fcomments&post=1186"}],"version-history":[{"count":1,"href":"https:\/\/ecclesiae.de\/blog\/index.php?rest_route=\/wp\/v2\/posts\/1186\/revisions"}],"predecessor-version":[{"id":1187,"href":"https:\/\/ecclesiae.de\/blog\/index.php?rest_route=\/wp\/v2\/posts\/1186\/revisions\/1187"}],"wp:attachment":[{"href":"https:\/\/ecclesiae.de\/blog\/index.php?rest_route=%2Fwp%2Fv2%2Fmedia&parent=1186"}],"wp:term":[{"taxonomy":"category","embeddable":true,"href":"https:\/\/ecclesiae.de\/blog\/index.php?rest_route=%2Fwp%2Fv2%2Fcategories&post=1186"},{"taxonomy":"post_tag","embeddable":true,"href":"https:\/\/ecclesiae.de\/blog\/index.php?rest_route=%2Fwp%2Fv2%2Ftags&post=1186"}],"curies":[{"name":"wp","href":"https:\/\/api.w.org\/{rel}","templated":true}]}}