{"id":1188,"date":"2013-03-20T00:00:08","date_gmt":"2013-03-20T00:00:08","guid":{"rendered":"http:\/\/ecclesiae.de\/blog\/?p=1188"},"modified":"2013-03-03T15:57:31","modified_gmt":"2013-03-03T15:57:31","slug":"20-marz-jahr-des-glaubens","status":"publish","type":"post","link":"https:\/\/ecclesiae.de\/blog\/?p=1188","title":{"rendered":"20. M\u00e4rz &#8211; &#8222;Jahr des Glaubens&#8220;"},"content":{"rendered":"<p>Ich beabsichtige, im Himmel nicht unt\u00e4tig zu bleiben. Mein Wunsch ist, f\u00fcr die Kirche und die Menschen weiter zu arbeiten. Das erbitte ich von Gott, und ich bin sicher, dass er mich erh\u00f6rt.<\/p>\n<p>(Theresia von Lisieux)<\/p>\n","protected":false},"excerpt":{"rendered":"<p>Ich beabsichtige, im Himmel nicht unt\u00e4tig zu bleiben. Mein Wunsch ist, f\u00fcr die Kirche und die Menschen weiter zu arbeiten. Das erbitte ich von Gott, und ich bin sicher, dass er mich erh\u00f6rt. (Theresia von Lisieux)<\/p>\n","protected":false},"author":3,"featured_media":0,"comment_status":"open","ping_status":"closed","sticky":false,"template":"","format":"standard","meta":{"footnotes":""},"categories":[1],"tags":[],"class_list":["post-1188","post","type-post","status-publish","format-standard","hentry","category-uncategorized"],"_links":{"self":[{"href":"https:\/\/ecclesiae.de\/blog\/index.php?rest_route=\/wp\/v2\/posts\/1188","targetHints":{"allow":["GET"]}}],"collection":[{"href":"https:\/\/ecclesiae.de\/blog\/index.php?rest_route=\/wp\/v2\/posts"}],"about":[{"href":"https:\/\/ecclesiae.de\/blog\/index.php?rest_route=\/wp\/v2\/types\/post"}],"author":[{"embeddable":true,"href":"https:\/\/ecclesiae.de\/blog\/index.php?rest_route=\/wp\/v2\/users\/3"}],"replies":[{"embeddable":true,"href":"https:\/\/ecclesiae.de\/blog\/index.php?rest_route=%2Fwp%2Fv2%2Fcomments&post=1188"}],"version-history":[{"count":1,"href":"https:\/\/ecclesiae.de\/blog\/index.php?rest_route=\/wp\/v2\/posts\/1188\/revisions"}],"predecessor-version":[{"id":1189,"href":"https:\/\/ecclesiae.de\/blog\/index.php?rest_route=\/wp\/v2\/posts\/1188\/revisions\/1189"}],"wp:attachment":[{"href":"https:\/\/ecclesiae.de\/blog\/index.php?rest_route=%2Fwp%2Fv2%2Fmedia&parent=1188"}],"wp:term":[{"taxonomy":"category","embeddable":true,"href":"https:\/\/ecclesiae.de\/blog\/index.php?rest_route=%2Fwp%2Fv2%2Fcategories&post=1188"},{"taxonomy":"post_tag","embeddable":true,"href":"https:\/\/ecclesiae.de\/blog\/index.php?rest_route=%2Fwp%2Fv2%2Ftags&post=1188"}],"curies":[{"name":"wp","href":"https:\/\/api.w.org\/{rel}","templated":true}]}}