{"id":1190,"date":"2013-03-21T00:00:06","date_gmt":"2013-03-21T00:00:06","guid":{"rendered":"http:\/\/ecclesiae.de\/blog\/?p=1190"},"modified":"2013-03-03T16:00:27","modified_gmt":"2013-03-03T16:00:27","slug":"21-marz-jahr-des-glaubens","status":"publish","type":"post","link":"https:\/\/ecclesiae.de\/blog\/?p=1190","title":{"rendered":"21. M\u00e4rz &#8211; &#8222;Jahr des Glaubens&#8220;"},"content":{"rendered":"<p>Wie gro\u00df auch immer die Finsternis sei &#8211; wir sind dem Licht nahe. Wie gro\u00df auch immer unser Unverm\u00f6gen sei &#8211; wir sind zu F\u00fc\u00dfen des Allm\u00e4chtigen.<\/p>\n<p>(<a href=\"http:\/\/ecclesiaeveritas.net\/index.php\/Franz_von_Sales\">Franz von Sales<\/a>)<\/p>\n","protected":false},"excerpt":{"rendered":"<p>Wie gro\u00df auch immer die Finsternis sei &#8211; wir sind dem Licht nahe. Wie gro\u00df auch immer unser Unverm\u00f6gen sei &#8211; wir sind zu F\u00fc\u00dfen des Allm\u00e4chtigen. (Franz von Sales)<\/p>\n","protected":false},"author":3,"featured_media":0,"comment_status":"open","ping_status":"closed","sticky":false,"template":"","format":"standard","meta":{"footnotes":""},"categories":[1],"tags":[],"class_list":["post-1190","post","type-post","status-publish","format-standard","hentry","category-uncategorized"],"_links":{"self":[{"href":"https:\/\/ecclesiae.de\/blog\/index.php?rest_route=\/wp\/v2\/posts\/1190","targetHints":{"allow":["GET"]}}],"collection":[{"href":"https:\/\/ecclesiae.de\/blog\/index.php?rest_route=\/wp\/v2\/posts"}],"about":[{"href":"https:\/\/ecclesiae.de\/blog\/index.php?rest_route=\/wp\/v2\/types\/post"}],"author":[{"embeddable":true,"href":"https:\/\/ecclesiae.de\/blog\/index.php?rest_route=\/wp\/v2\/users\/3"}],"replies":[{"embeddable":true,"href":"https:\/\/ecclesiae.de\/blog\/index.php?rest_route=%2Fwp%2Fv2%2Fcomments&post=1190"}],"version-history":[{"count":2,"href":"https:\/\/ecclesiae.de\/blog\/index.php?rest_route=\/wp\/v2\/posts\/1190\/revisions"}],"predecessor-version":[{"id":1192,"href":"https:\/\/ecclesiae.de\/blog\/index.php?rest_route=\/wp\/v2\/posts\/1190\/revisions\/1192"}],"wp:attachment":[{"href":"https:\/\/ecclesiae.de\/blog\/index.php?rest_route=%2Fwp%2Fv2%2Fmedia&parent=1190"}],"wp:term":[{"taxonomy":"category","embeddable":true,"href":"https:\/\/ecclesiae.de\/blog\/index.php?rest_route=%2Fwp%2Fv2%2Fcategories&post=1190"},{"taxonomy":"post_tag","embeddable":true,"href":"https:\/\/ecclesiae.de\/blog\/index.php?rest_route=%2Fwp%2Fv2%2Ftags&post=1190"}],"curies":[{"name":"wp","href":"https:\/\/api.w.org\/{rel}","templated":true}]}}