{"id":1198,"date":"2013-03-24T00:00:17","date_gmt":"2013-03-24T00:00:17","guid":{"rendered":"http:\/\/ecclesiae.de\/blog\/?p=1198"},"modified":"2013-03-03T16:13:19","modified_gmt":"2013-03-03T16:13:19","slug":"24-marz-jahr-des-glaubens","status":"publish","type":"post","link":"https:\/\/ecclesiae.de\/blog\/?p=1198","title":{"rendered":"24. M\u00e4rz &#8211; &#8222;Jahr des Glaubens&#8220;"},"content":{"rendered":"<p>Allm\u00e4chtiger, ewiger Gott deinem Willen gehorsam, hat unser Erl\u00f6ser Fleisch angenommen, er hat sich selbst erniedrigt und sich unter die Schmach des Kreuzes gebeugt. Hilf uns, dass wir ihm auf dem Weg des Leidens nachfolgen und an seiner Auferstehung Anteil erlangen. Darum bitten wir durch ihn, Jesus Christus.<\/p>\n<p>(Oration aus dem <a href=\"http:\/\/vulgata.info\/index.php\/Kategorie:Stundenbuch:Fastenzeit:6.Woche:Palmsonntag\">Stundengebet von Palmsonntag<\/a>)<\/p>\n","protected":false},"excerpt":{"rendered":"<p>Allm\u00e4chtiger, ewiger Gott deinem Willen gehorsam, hat unser Erl\u00f6ser Fleisch angenommen, er hat sich selbst erniedrigt und sich unter die Schmach des Kreuzes gebeugt. Hilf uns, dass wir ihm auf dem Weg des Leidens nachfolgen und an seiner Auferstehung Anteil &hellip; <a href=\"https:\/\/ecclesiae.de\/blog\/?p=1198\">Weiterlesen <span class=\"meta-nav\">&rarr;<\/span><\/a><\/p>\n","protected":false},"author":3,"featured_media":0,"comment_status":"open","ping_status":"closed","sticky":false,"template":"","format":"standard","meta":{"footnotes":""},"categories":[1],"tags":[],"class_list":["post-1198","post","type-post","status-publish","format-standard","hentry","category-uncategorized"],"_links":{"self":[{"href":"https:\/\/ecclesiae.de\/blog\/index.php?rest_route=\/wp\/v2\/posts\/1198","targetHints":{"allow":["GET"]}}],"collection":[{"href":"https:\/\/ecclesiae.de\/blog\/index.php?rest_route=\/wp\/v2\/posts"}],"about":[{"href":"https:\/\/ecclesiae.de\/blog\/index.php?rest_route=\/wp\/v2\/types\/post"}],"author":[{"embeddable":true,"href":"https:\/\/ecclesiae.de\/blog\/index.php?rest_route=\/wp\/v2\/users\/3"}],"replies":[{"embeddable":true,"href":"https:\/\/ecclesiae.de\/blog\/index.php?rest_route=%2Fwp%2Fv2%2Fcomments&post=1198"}],"version-history":[{"count":1,"href":"https:\/\/ecclesiae.de\/blog\/index.php?rest_route=\/wp\/v2\/posts\/1198\/revisions"}],"predecessor-version":[{"id":1199,"href":"https:\/\/ecclesiae.de\/blog\/index.php?rest_route=\/wp\/v2\/posts\/1198\/revisions\/1199"}],"wp:attachment":[{"href":"https:\/\/ecclesiae.de\/blog\/index.php?rest_route=%2Fwp%2Fv2%2Fmedia&parent=1198"}],"wp:term":[{"taxonomy":"category","embeddable":true,"href":"https:\/\/ecclesiae.de\/blog\/index.php?rest_route=%2Fwp%2Fv2%2Fcategories&post=1198"},{"taxonomy":"post_tag","embeddable":true,"href":"https:\/\/ecclesiae.de\/blog\/index.php?rest_route=%2Fwp%2Fv2%2Ftags&post=1198"}],"curies":[{"name":"wp","href":"https:\/\/api.w.org\/{rel}","templated":true}]}}