{"id":1213,"date":"2013-03-29T00:00:05","date_gmt":"2013-03-29T00:00:05","guid":{"rendered":"http:\/\/ecclesiae.de\/blog\/?p=1213"},"modified":"2013-03-26T15:42:39","modified_gmt":"2013-03-26T15:42:39","slug":"29-maerz-jahr-des-glaubens","status":"publish","type":"post","link":"https:\/\/ecclesiae.de\/blog\/?p=1213","title":{"rendered":"29. Maerz &#8211; &#8222;Jahr des Glaubens&#8220;"},"content":{"rendered":"<p><strong>Der leidende Gottesknecht<\/strong><br \/>\nSiehe, Erfolg hat mein Knecht; er wird emporsteigen, wird hoch und gar sehr erhaben sein. Wie \u00fcber ihn viele erschauerten &#8211; so unmenschlich entstellt sah er aus, und seine Gestalt war nicht mehr wie die der Menschen! &#8211; so wird er viele V\u00f6lker in Staunen setzen. K\u00f6nige werden vor ihm ihren Mund schlie\u00dfen. Denn was man ihnen noch nie erz\u00e4hlt hat, schauen sie; was sie noch nie geh\u00f6rt, nehmen sie wahr.<\/p>\n<p>(<em><a href=\"http:\/\/vulgata.info\/index.php\/Kategorie:Vulgata:AT:Jes52\">Jesaja 52,13-15<\/a><\/em>)<\/p>\n","protected":false},"excerpt":{"rendered":"<p>Der leidende Gottesknecht Siehe, Erfolg hat mein Knecht; er wird emporsteigen, wird hoch und gar sehr erhaben sein. Wie \u00fcber ihn viele erschauerten &#8211; so unmenschlich entstellt sah er aus, und seine Gestalt war nicht mehr wie die der Menschen! &hellip; <a href=\"https:\/\/ecclesiae.de\/blog\/?p=1213\">Weiterlesen <span class=\"meta-nav\">&rarr;<\/span><\/a><\/p>\n","protected":false},"author":3,"featured_media":0,"comment_status":"open","ping_status":"closed","sticky":false,"template":"","format":"standard","meta":{"footnotes":""},"categories":[1],"tags":[],"class_list":["post-1213","post","type-post","status-publish","format-standard","hentry","category-uncategorized"],"_links":{"self":[{"href":"https:\/\/ecclesiae.de\/blog\/index.php?rest_route=\/wp\/v2\/posts\/1213","targetHints":{"allow":["GET"]}}],"collection":[{"href":"https:\/\/ecclesiae.de\/blog\/index.php?rest_route=\/wp\/v2\/posts"}],"about":[{"href":"https:\/\/ecclesiae.de\/blog\/index.php?rest_route=\/wp\/v2\/types\/post"}],"author":[{"embeddable":true,"href":"https:\/\/ecclesiae.de\/blog\/index.php?rest_route=\/wp\/v2\/users\/3"}],"replies":[{"embeddable":true,"href":"https:\/\/ecclesiae.de\/blog\/index.php?rest_route=%2Fwp%2Fv2%2Fcomments&post=1213"}],"version-history":[{"count":2,"href":"https:\/\/ecclesiae.de\/blog\/index.php?rest_route=\/wp\/v2\/posts\/1213\/revisions"}],"predecessor-version":[{"id":1215,"href":"https:\/\/ecclesiae.de\/blog\/index.php?rest_route=\/wp\/v2\/posts\/1213\/revisions\/1215"}],"wp:attachment":[{"href":"https:\/\/ecclesiae.de\/blog\/index.php?rest_route=%2Fwp%2Fv2%2Fmedia&parent=1213"}],"wp:term":[{"taxonomy":"category","embeddable":true,"href":"https:\/\/ecclesiae.de\/blog\/index.php?rest_route=%2Fwp%2Fv2%2Fcategories&post=1213"},{"taxonomy":"post_tag","embeddable":true,"href":"https:\/\/ecclesiae.de\/blog\/index.php?rest_route=%2Fwp%2Fv2%2Ftags&post=1213"}],"curies":[{"name":"wp","href":"https:\/\/api.w.org\/{rel}","templated":true}]}}