{"id":1243,"date":"2013-04-09T00:00:10","date_gmt":"2013-04-09T00:00:10","guid":{"rendered":"http:\/\/ecclesiae.de\/blog\/?p=1243"},"modified":"2013-04-03T11:36:58","modified_gmt":"2013-04-03T11:36:58","slug":"09-april-jahr-des-glaubens","status":"publish","type":"post","link":"https:\/\/ecclesiae.de\/blog\/?p=1243","title":{"rendered":"09. April &#8211; &#8222;Jahr des Glaubens&#8220;"},"content":{"rendered":"<p>Willst du gro\u00df sein, so beginne mit dem Kleinsten. Gedenkst du ein gro\u00dfes erhabenes Geb\u00e4ude zu errichten, so denke zuerst an das Fundament der Demut. Alle St\u00e4rke und Kraft besteht in der Demut, weil aller Hochmut nur Schw\u00e4che ist. Gott hat sich deshalb so sehr erniedrigt, damit der Stolz des Menschengeschlechtes es nicht unter seiner W\u00fcrde hielte, in seine Fu\u00dfstapfen zu treten.<\/p>\n<p>(<em>Augustinus<\/em>)<\/p>\n<p>&nbsp;<\/p>\n","protected":false},"excerpt":{"rendered":"<p>Willst du gro\u00df sein, so beginne mit dem Kleinsten. Gedenkst du ein gro\u00dfes erhabenes Geb\u00e4ude zu errichten, so denke zuerst an das Fundament der Demut. Alle St\u00e4rke und Kraft besteht in der Demut, weil aller Hochmut nur Schw\u00e4che ist. Gott &hellip; <a href=\"https:\/\/ecclesiae.de\/blog\/?p=1243\">Weiterlesen <span class=\"meta-nav\">&rarr;<\/span><\/a><\/p>\n","protected":false},"author":3,"featured_media":0,"comment_status":"open","ping_status":"closed","sticky":false,"template":"","format":"standard","meta":{"footnotes":""},"categories":[1],"tags":[],"class_list":["post-1243","post","type-post","status-publish","format-standard","hentry","category-uncategorized"],"_links":{"self":[{"href":"https:\/\/ecclesiae.de\/blog\/index.php?rest_route=\/wp\/v2\/posts\/1243","targetHints":{"allow":["GET"]}}],"collection":[{"href":"https:\/\/ecclesiae.de\/blog\/index.php?rest_route=\/wp\/v2\/posts"}],"about":[{"href":"https:\/\/ecclesiae.de\/blog\/index.php?rest_route=\/wp\/v2\/types\/post"}],"author":[{"embeddable":true,"href":"https:\/\/ecclesiae.de\/blog\/index.php?rest_route=\/wp\/v2\/users\/3"}],"replies":[{"embeddable":true,"href":"https:\/\/ecclesiae.de\/blog\/index.php?rest_route=%2Fwp%2Fv2%2Fcomments&post=1243"}],"version-history":[{"count":1,"href":"https:\/\/ecclesiae.de\/blog\/index.php?rest_route=\/wp\/v2\/posts\/1243\/revisions"}],"predecessor-version":[{"id":1244,"href":"https:\/\/ecclesiae.de\/blog\/index.php?rest_route=\/wp\/v2\/posts\/1243\/revisions\/1244"}],"wp:attachment":[{"href":"https:\/\/ecclesiae.de\/blog\/index.php?rest_route=%2Fwp%2Fv2%2Fmedia&parent=1243"}],"wp:term":[{"taxonomy":"category","embeddable":true,"href":"https:\/\/ecclesiae.de\/blog\/index.php?rest_route=%2Fwp%2Fv2%2Fcategories&post=1243"},{"taxonomy":"post_tag","embeddable":true,"href":"https:\/\/ecclesiae.de\/blog\/index.php?rest_route=%2Fwp%2Fv2%2Ftags&post=1243"}],"curies":[{"name":"wp","href":"https:\/\/api.w.org\/{rel}","templated":true}]}}