{"id":1253,"date":"2013-04-15T00:00:15","date_gmt":"2013-04-15T00:00:15","guid":{"rendered":"http:\/\/ecclesiae.de\/blog\/?p=1253"},"modified":"2013-04-06T14:31:47","modified_gmt":"2013-04-06T14:31:47","slug":"15-april-jahr-des-glaubens","status":"publish","type":"post","link":"https:\/\/ecclesiae.de\/blog\/?p=1253","title":{"rendered":"15. April &#8211; &#8222;Jahr des Glaubens&#8220;"},"content":{"rendered":"<p>Umarme immer das Kreuz Jesu, denn es ist die Tr\u00f6stung<br \/>\nder Auserw\u00e4hlten. Halte dich immer n\u00e4her an die himmlische<br \/>\nMutter, denn sie ist der Ozean, auf dem man zu den Ufern<br \/>\ndes ewigen Glanzes im K\u00f6nigreich der Morgenr\u00f6te kommt.<br \/>\n<i><br \/>\n(<\/i><em>Pater Pio<\/em><i>)<\/i><\/p>\n","protected":false},"excerpt":{"rendered":"<p>Umarme immer das Kreuz Jesu, denn es ist die Tr\u00f6stung der Auserw\u00e4hlten. Halte dich immer n\u00e4her an die himmlische Mutter, denn sie ist der Ozean, auf dem man zu den Ufern des ewigen Glanzes im K\u00f6nigreich der Morgenr\u00f6te kommt. (Pater &hellip; <a href=\"https:\/\/ecclesiae.de\/blog\/?p=1253\">Weiterlesen <span class=\"meta-nav\">&rarr;<\/span><\/a><\/p>\n","protected":false},"author":3,"featured_media":0,"comment_status":"open","ping_status":"closed","sticky":false,"template":"","format":"standard","meta":{"footnotes":""},"categories":[1],"tags":[],"class_list":["post-1253","post","type-post","status-publish","format-standard","hentry","category-uncategorized"],"_links":{"self":[{"href":"https:\/\/ecclesiae.de\/blog\/index.php?rest_route=\/wp\/v2\/posts\/1253","targetHints":{"allow":["GET"]}}],"collection":[{"href":"https:\/\/ecclesiae.de\/blog\/index.php?rest_route=\/wp\/v2\/posts"}],"about":[{"href":"https:\/\/ecclesiae.de\/blog\/index.php?rest_route=\/wp\/v2\/types\/post"}],"author":[{"embeddable":true,"href":"https:\/\/ecclesiae.de\/blog\/index.php?rest_route=\/wp\/v2\/users\/3"}],"replies":[{"embeddable":true,"href":"https:\/\/ecclesiae.de\/blog\/index.php?rest_route=%2Fwp%2Fv2%2Fcomments&post=1253"}],"version-history":[{"count":1,"href":"https:\/\/ecclesiae.de\/blog\/index.php?rest_route=\/wp\/v2\/posts\/1253\/revisions"}],"predecessor-version":[{"id":1254,"href":"https:\/\/ecclesiae.de\/blog\/index.php?rest_route=\/wp\/v2\/posts\/1253\/revisions\/1254"}],"wp:attachment":[{"href":"https:\/\/ecclesiae.de\/blog\/index.php?rest_route=%2Fwp%2Fv2%2Fmedia&parent=1253"}],"wp:term":[{"taxonomy":"category","embeddable":true,"href":"https:\/\/ecclesiae.de\/blog\/index.php?rest_route=%2Fwp%2Fv2%2Fcategories&post=1253"},{"taxonomy":"post_tag","embeddable":true,"href":"https:\/\/ecclesiae.de\/blog\/index.php?rest_route=%2Fwp%2Fv2%2Ftags&post=1253"}],"curies":[{"name":"wp","href":"https:\/\/api.w.org\/{rel}","templated":true}]}}