{"id":12541,"date":"2024-03-24T00:56:00","date_gmt":"2024-03-24T00:56:00","guid":{"rendered":"https:\/\/ecclesiae.de\/blog\/?p=12541"},"modified":"2024-01-16T08:57:48","modified_gmt":"2024-01-16T08:57:48","slug":"24-maerz-3","status":"publish","type":"post","link":"https:\/\/ecclesiae.de\/blog\/?p=12541","title":{"rendered":"24. M\u00e4rz"},"content":{"rendered":"\n<div class=\"wp-block-media-text is-stacked-on-mobile\"><figure class=\"wp-block-media-text__media\"><img loading=\"lazy\" decoding=\"async\" width=\"1024\" height=\"768\" src=\"https:\/\/ecclesiae.de\/blog\/wp-content\/uploads\/2023\/12\/104-1024x768.jpg\" alt=\"\" class=\"wp-image-12275 size-full\" srcset=\"https:\/\/ecclesiae.de\/blog\/wp-content\/uploads\/2023\/12\/104-1024x768.jpg 1024w, https:\/\/ecclesiae.de\/blog\/wp-content\/uploads\/2023\/12\/104-300x225.jpg 300w, https:\/\/ecclesiae.de\/blog\/wp-content\/uploads\/2023\/12\/104-768x576.jpg 768w, https:\/\/ecclesiae.de\/blog\/wp-content\/uploads\/2023\/12\/104-1536x1152.jpg 1536w, https:\/\/ecclesiae.de\/blog\/wp-content\/uploads\/2023\/12\/104-2048x1536.jpg 2048w, https:\/\/ecclesiae.de\/blog\/wp-content\/uploads\/2023\/12\/104-400x300.jpg 400w\" sizes=\"auto, (max-width: 1024px) 100vw, 1024px\" \/><\/figure><div class=\"wp-block-media-text__content\">\n<p class=\"has-text-align-center\">Liebe Kinder! Auch heute m\u00f6chte ich euch mit Freude meinen m\u00fctterlichen Segen geben und euch zum Gebet aufrufen. Das Gebet m\u00f6ge euch zum Bed\u00fcrfnis werden, damit ihr jeden Tag mehr in der Heiligkeit wachset. Arbeitet mehr an eurer Bekehrung, weil ihr fern seid, liebe Kinder. Danke dass ihr meinem Ruf gefolgt seid!<\/p>\n\n\n\n<p class=\"has-text-align-center\">Botschaft vom 25.03.2012<\/p>\n<\/div><\/div>\n","protected":false},"excerpt":{"rendered":"<p>Liebe Kinder! Auch heute m\u00f6chte ich euch mit Freude meinen m\u00fctterlichen Segen geben und euch zum Gebet aufrufen. Das Gebet m\u00f6ge euch zum Bed\u00fcrfnis werden, damit ihr jeden Tag mehr in der Heiligkeit wachset. Arbeitet mehr an eurer Bekehrung, weil &hellip; <a href=\"https:\/\/ecclesiae.de\/blog\/?p=12541\">Weiterlesen <span class=\"meta-nav\">&rarr;<\/span><\/a><\/p>\n","protected":false},"author":3,"featured_media":0,"comment_status":"open","ping_status":"closed","sticky":false,"template":"","format":"standard","meta":{"footnotes":""},"categories":[1],"tags":[],"class_list":["post-12541","post","type-post","status-publish","format-standard","hentry","category-uncategorized"],"_links":{"self":[{"href":"https:\/\/ecclesiae.de\/blog\/index.php?rest_route=\/wp\/v2\/posts\/12541","targetHints":{"allow":["GET"]}}],"collection":[{"href":"https:\/\/ecclesiae.de\/blog\/index.php?rest_route=\/wp\/v2\/posts"}],"about":[{"href":"https:\/\/ecclesiae.de\/blog\/index.php?rest_route=\/wp\/v2\/types\/post"}],"author":[{"embeddable":true,"href":"https:\/\/ecclesiae.de\/blog\/index.php?rest_route=\/wp\/v2\/users\/3"}],"replies":[{"embeddable":true,"href":"https:\/\/ecclesiae.de\/blog\/index.php?rest_route=%2Fwp%2Fv2%2Fcomments&post=12541"}],"version-history":[{"count":1,"href":"https:\/\/ecclesiae.de\/blog\/index.php?rest_route=\/wp\/v2\/posts\/12541\/revisions"}],"predecessor-version":[{"id":12542,"href":"https:\/\/ecclesiae.de\/blog\/index.php?rest_route=\/wp\/v2\/posts\/12541\/revisions\/12542"}],"wp:attachment":[{"href":"https:\/\/ecclesiae.de\/blog\/index.php?rest_route=%2Fwp%2Fv2%2Fmedia&parent=12541"}],"wp:term":[{"taxonomy":"category","embeddable":true,"href":"https:\/\/ecclesiae.de\/blog\/index.php?rest_route=%2Fwp%2Fv2%2Fcategories&post=12541"},{"taxonomy":"post_tag","embeddable":true,"href":"https:\/\/ecclesiae.de\/blog\/index.php?rest_route=%2Fwp%2Fv2%2Ftags&post=12541"}],"curies":[{"name":"wp","href":"https:\/\/api.w.org\/{rel}","templated":true}]}}