{"id":1261,"date":"2013-04-19T00:00:04","date_gmt":"2013-04-19T00:00:04","guid":{"rendered":"http:\/\/ecclesiae.de\/blog\/?p=1261"},"modified":"2013-04-06T14:38:24","modified_gmt":"2013-04-06T14:38:24","slug":"19-april-jahr-des-glaubens","status":"publish","type":"post","link":"https:\/\/ecclesiae.de\/blog\/?p=1261","title":{"rendered":"19. April &#8211; &#8222;Jahr des Glaubens&#8220;"},"content":{"rendered":"<p>Man muss oft, ja immer wieder<br \/>\nzum Messer der Abt\u00f6tung greifen,<br \/>\ndenn es w\u00e4chst immer wieder Unkraut nach.<br \/>\nDu t\u00e4uschst dich, wenn du meinst,<br \/>\ndeine Fehler seien f\u00fcr immer gestorben!<\/p>\n<p><i>(Bernhard von Clairvaux)<\/i><\/p>\n","protected":false},"excerpt":{"rendered":"<p>Man muss oft, ja immer wieder zum Messer der Abt\u00f6tung greifen, denn es w\u00e4chst immer wieder Unkraut nach. Du t\u00e4uschst dich, wenn du meinst, deine Fehler seien f\u00fcr immer gestorben! (Bernhard von Clairvaux)<\/p>\n","protected":false},"author":3,"featured_media":0,"comment_status":"open","ping_status":"closed","sticky":false,"template":"","format":"standard","meta":{"footnotes":""},"categories":[1],"tags":[],"class_list":["post-1261","post","type-post","status-publish","format-standard","hentry","category-uncategorized"],"_links":{"self":[{"href":"https:\/\/ecclesiae.de\/blog\/index.php?rest_route=\/wp\/v2\/posts\/1261","targetHints":{"allow":["GET"]}}],"collection":[{"href":"https:\/\/ecclesiae.de\/blog\/index.php?rest_route=\/wp\/v2\/posts"}],"about":[{"href":"https:\/\/ecclesiae.de\/blog\/index.php?rest_route=\/wp\/v2\/types\/post"}],"author":[{"embeddable":true,"href":"https:\/\/ecclesiae.de\/blog\/index.php?rest_route=\/wp\/v2\/users\/3"}],"replies":[{"embeddable":true,"href":"https:\/\/ecclesiae.de\/blog\/index.php?rest_route=%2Fwp%2Fv2%2Fcomments&post=1261"}],"version-history":[{"count":1,"href":"https:\/\/ecclesiae.de\/blog\/index.php?rest_route=\/wp\/v2\/posts\/1261\/revisions"}],"predecessor-version":[{"id":1262,"href":"https:\/\/ecclesiae.de\/blog\/index.php?rest_route=\/wp\/v2\/posts\/1261\/revisions\/1262"}],"wp:attachment":[{"href":"https:\/\/ecclesiae.de\/blog\/index.php?rest_route=%2Fwp%2Fv2%2Fmedia&parent=1261"}],"wp:term":[{"taxonomy":"category","embeddable":true,"href":"https:\/\/ecclesiae.de\/blog\/index.php?rest_route=%2Fwp%2Fv2%2Fcategories&post=1261"},{"taxonomy":"post_tag","embeddable":true,"href":"https:\/\/ecclesiae.de\/blog\/index.php?rest_route=%2Fwp%2Fv2%2Ftags&post=1261"}],"curies":[{"name":"wp","href":"https:\/\/api.w.org\/{rel}","templated":true}]}}