{"id":1276,"date":"2013-04-25T00:00:39","date_gmt":"2013-04-25T00:00:39","guid":{"rendered":"http:\/\/ecclesiae.de\/blog\/?p=1276"},"modified":"2013-04-07T06:11:19","modified_gmt":"2013-04-07T06:11:19","slug":"25-april-jahr-des-glaubens","status":"publish","type":"post","link":"https:\/\/ecclesiae.de\/blog\/?p=1276","title":{"rendered":"25. April &#8211; &#8222;Jahr des Glaubens&#8220;"},"content":{"rendered":"<p>Herr, unser Gott, du hast den heiligen Markus auserw\u00e4hlt, durch das Wort des Evangeliums dein Heil zu verk\u00fcnden. Gib, dass wir gl\u00e4ubig auf die Botschaft h\u00f6ren und unserem Herrn Jesus Christus in Treue nachfolgen, der in der Einheit des Heiligen Geistes mit dir lebt und herrscht in alle Ewigkeit.<\/p>\n<p>(<em>Oration aus dem Stundengebet &#8222;<a href=\"http:\/\/vulgata.info\/index.php\/Markus\">Fest Markus &#8211; Evangelist<\/a>&#8222;)<\/em><\/p>\n","protected":false},"excerpt":{"rendered":"<p>Herr, unser Gott, du hast den heiligen Markus auserw\u00e4hlt, durch das Wort des Evangeliums dein Heil zu verk\u00fcnden. Gib, dass wir gl\u00e4ubig auf die Botschaft h\u00f6ren und unserem Herrn Jesus Christus in Treue nachfolgen, der in der Einheit des Heiligen &hellip; <a href=\"https:\/\/ecclesiae.de\/blog\/?p=1276\">Weiterlesen <span class=\"meta-nav\">&rarr;<\/span><\/a><\/p>\n","protected":false},"author":3,"featured_media":0,"comment_status":"open","ping_status":"closed","sticky":false,"template":"","format":"standard","meta":{"footnotes":""},"categories":[1],"tags":[],"class_list":["post-1276","post","type-post","status-publish","format-standard","hentry","category-uncategorized"],"_links":{"self":[{"href":"https:\/\/ecclesiae.de\/blog\/index.php?rest_route=\/wp\/v2\/posts\/1276","targetHints":{"allow":["GET"]}}],"collection":[{"href":"https:\/\/ecclesiae.de\/blog\/index.php?rest_route=\/wp\/v2\/posts"}],"about":[{"href":"https:\/\/ecclesiae.de\/blog\/index.php?rest_route=\/wp\/v2\/types\/post"}],"author":[{"embeddable":true,"href":"https:\/\/ecclesiae.de\/blog\/index.php?rest_route=\/wp\/v2\/users\/3"}],"replies":[{"embeddable":true,"href":"https:\/\/ecclesiae.de\/blog\/index.php?rest_route=%2Fwp%2Fv2%2Fcomments&post=1276"}],"version-history":[{"count":2,"href":"https:\/\/ecclesiae.de\/blog\/index.php?rest_route=\/wp\/v2\/posts\/1276\/revisions"}],"predecessor-version":[{"id":1278,"href":"https:\/\/ecclesiae.de\/blog\/index.php?rest_route=\/wp\/v2\/posts\/1276\/revisions\/1278"}],"wp:attachment":[{"href":"https:\/\/ecclesiae.de\/blog\/index.php?rest_route=%2Fwp%2Fv2%2Fmedia&parent=1276"}],"wp:term":[{"taxonomy":"category","embeddable":true,"href":"https:\/\/ecclesiae.de\/blog\/index.php?rest_route=%2Fwp%2Fv2%2Fcategories&post=1276"},{"taxonomy":"post_tag","embeddable":true,"href":"https:\/\/ecclesiae.de\/blog\/index.php?rest_route=%2Fwp%2Fv2%2Ftags&post=1276"}],"curies":[{"name":"wp","href":"https:\/\/api.w.org\/{rel}","templated":true}]}}