{"id":1283,"date":"2013-04-26T00:00:45","date_gmt":"2013-04-26T00:00:45","guid":{"rendered":"http:\/\/ecclesiae.de\/blog\/?p=1283"},"modified":"2013-04-07T06:21:29","modified_gmt":"2013-04-07T06:21:29","slug":"26-april-jahr-des-glaubens","status":"publish","type":"post","link":"https:\/\/ecclesiae.de\/blog\/?p=1283","title":{"rendered":"26. April &#8211; &#8222;Jahr des Glaubens&#8220;"},"content":{"rendered":"<p>Ich wundere mich \u00fcber seine gro\u00dfe Demut und mein Kleinsein &#8211; mein Nichts.<\/p>\n<p>Ich glaube, darin begegnen sich Jesus und ich.<\/p>\n<p>Er ist alles f\u00fcr mich.<\/p>\n<p>(<em>Mutter Teresa)<\/em><\/p>\n","protected":false},"excerpt":{"rendered":"<p>Ich wundere mich \u00fcber seine gro\u00dfe Demut und mein Kleinsein &#8211; mein Nichts. Ich glaube, darin begegnen sich Jesus und ich. Er ist alles f\u00fcr mich. (Mutter Teresa)<\/p>\n","protected":false},"author":3,"featured_media":0,"comment_status":"open","ping_status":"closed","sticky":false,"template":"","format":"standard","meta":{"footnotes":""},"categories":[1],"tags":[],"class_list":["post-1283","post","type-post","status-publish","format-standard","hentry","category-uncategorized"],"_links":{"self":[{"href":"https:\/\/ecclesiae.de\/blog\/index.php?rest_route=\/wp\/v2\/posts\/1283","targetHints":{"allow":["GET"]}}],"collection":[{"href":"https:\/\/ecclesiae.de\/blog\/index.php?rest_route=\/wp\/v2\/posts"}],"about":[{"href":"https:\/\/ecclesiae.de\/blog\/index.php?rest_route=\/wp\/v2\/types\/post"}],"author":[{"embeddable":true,"href":"https:\/\/ecclesiae.de\/blog\/index.php?rest_route=\/wp\/v2\/users\/3"}],"replies":[{"embeddable":true,"href":"https:\/\/ecclesiae.de\/blog\/index.php?rest_route=%2Fwp%2Fv2%2Fcomments&post=1283"}],"version-history":[{"count":1,"href":"https:\/\/ecclesiae.de\/blog\/index.php?rest_route=\/wp\/v2\/posts\/1283\/revisions"}],"predecessor-version":[{"id":1284,"href":"https:\/\/ecclesiae.de\/blog\/index.php?rest_route=\/wp\/v2\/posts\/1283\/revisions\/1284"}],"wp:attachment":[{"href":"https:\/\/ecclesiae.de\/blog\/index.php?rest_route=%2Fwp%2Fv2%2Fmedia&parent=1283"}],"wp:term":[{"taxonomy":"category","embeddable":true,"href":"https:\/\/ecclesiae.de\/blog\/index.php?rest_route=%2Fwp%2Fv2%2Fcategories&post=1283"},{"taxonomy":"post_tag","embeddable":true,"href":"https:\/\/ecclesiae.de\/blog\/index.php?rest_route=%2Fwp%2Fv2%2Ftags&post=1283"}],"curies":[{"name":"wp","href":"https:\/\/api.w.org\/{rel}","templated":true}]}}