{"id":1287,"date":"2013-04-28T00:00:09","date_gmt":"2013-04-28T00:00:09","guid":{"rendered":"http:\/\/ecclesiae.de\/blog\/?p=1287"},"modified":"2013-04-07T06:30:38","modified_gmt":"2013-04-07T06:30:38","slug":"28-april-jahr-des-glaubens","status":"publish","type":"post","link":"https:\/\/ecclesiae.de\/blog\/?p=1287","title":{"rendered":"28. April &#8211; &#8222;Jahr des Glaubens&#8220;"},"content":{"rendered":"<p>Ich sende die Verhei\u00dfung meines Vaters auf euch; bleibt in der Stadt,<\/p>\n<p>bis ihr ausger\u00fcstet seid mit Kraft aus der H\u00f6he.<\/p>\n<p>(<em><a href=\"http:\/\/vulgata.info\/index.php\/Kategorie:Vulgata:NT:Lk24\">Lukas 24,49<\/a>)<\/em><\/p>\n<p>Gehen auch wir in die Stille, damit auch wir mit dem Geist Gottes ausger\u00fcstet werden. So haben es schon die alten Propheten (Abraham, Moses, Samuel&#8230;) gemacht. In der Stille \u00f6ffnete Gott ihre Herzen und machte sie so empf\u00e4nglich f\u00fcr sein Wort.<\/p>\n","protected":false},"excerpt":{"rendered":"<p>Ich sende die Verhei\u00dfung meines Vaters auf euch; bleibt in der Stadt, bis ihr ausger\u00fcstet seid mit Kraft aus der H\u00f6he. (Lukas 24,49) Gehen auch wir in die Stille, damit auch wir mit dem Geist Gottes ausger\u00fcstet werden. So haben &hellip; <a href=\"https:\/\/ecclesiae.de\/blog\/?p=1287\">Weiterlesen <span class=\"meta-nav\">&rarr;<\/span><\/a><\/p>\n","protected":false},"author":3,"featured_media":0,"comment_status":"open","ping_status":"closed","sticky":false,"template":"","format":"standard","meta":{"footnotes":""},"categories":[1],"tags":[],"class_list":["post-1287","post","type-post","status-publish","format-standard","hentry","category-uncategorized"],"_links":{"self":[{"href":"https:\/\/ecclesiae.de\/blog\/index.php?rest_route=\/wp\/v2\/posts\/1287","targetHints":{"allow":["GET"]}}],"collection":[{"href":"https:\/\/ecclesiae.de\/blog\/index.php?rest_route=\/wp\/v2\/posts"}],"about":[{"href":"https:\/\/ecclesiae.de\/blog\/index.php?rest_route=\/wp\/v2\/types\/post"}],"author":[{"embeddable":true,"href":"https:\/\/ecclesiae.de\/blog\/index.php?rest_route=\/wp\/v2\/users\/3"}],"replies":[{"embeddable":true,"href":"https:\/\/ecclesiae.de\/blog\/index.php?rest_route=%2Fwp%2Fv2%2Fcomments&post=1287"}],"version-history":[{"count":1,"href":"https:\/\/ecclesiae.de\/blog\/index.php?rest_route=\/wp\/v2\/posts\/1287\/revisions"}],"predecessor-version":[{"id":1288,"href":"https:\/\/ecclesiae.de\/blog\/index.php?rest_route=\/wp\/v2\/posts\/1287\/revisions\/1288"}],"wp:attachment":[{"href":"https:\/\/ecclesiae.de\/blog\/index.php?rest_route=%2Fwp%2Fv2%2Fmedia&parent=1287"}],"wp:term":[{"taxonomy":"category","embeddable":true,"href":"https:\/\/ecclesiae.de\/blog\/index.php?rest_route=%2Fwp%2Fv2%2Fcategories&post=1287"},{"taxonomy":"post_tag","embeddable":true,"href":"https:\/\/ecclesiae.de\/blog\/index.php?rest_route=%2Fwp%2Fv2%2Ftags&post=1287"}],"curies":[{"name":"wp","href":"https:\/\/api.w.org\/{rel}","templated":true}]}}