{"id":1296,"date":"2013-05-01T00:00:04","date_gmt":"2013-05-01T00:00:04","guid":{"rendered":"http:\/\/ecclesiae.de\/blog\/?p=1296"},"modified":"2013-04-25T14:20:45","modified_gmt":"2013-04-25T14:20:45","slug":"01-mai-jahr-des-glaubens","status":"publish","type":"post","link":"https:\/\/ecclesiae.de\/blog\/?p=1296","title":{"rendered":"01. Mai &#8211; &#8222;Jahr des Glaubens&#8220;"},"content":{"rendered":"<p>Gott, du Sch\u00f6pfer der Welt, du hast den Menschen zum Schaffen und Wirken bestimmt. Auf die F\u00fcrsprache unseres Schutzpatrons, des heiligen Josef, der mit seiner H\u00e4nde Arbeit die Heilige Familie ern\u00e4hrte, gib uns Kraft und Ausdauer, damit wir deinen Auftrag auf Erden erf\u00fcllen und so den verhei\u00dfenen Lohn empfangen. Darum bitten wir durch Jesus Christus.<\/p>\n<p>Oration aus dem Stundengebet zum 1. Mai &#8222;<a href=\"http:\/\/vulgata.info\/index.php\/Josef_der_Arbeiter\">Josef, der Arbeiter<\/a>&#8222;<\/p>\n","protected":false},"excerpt":{"rendered":"<p>Gott, du Sch\u00f6pfer der Welt, du hast den Menschen zum Schaffen und Wirken bestimmt. Auf die F\u00fcrsprache unseres Schutzpatrons, des heiligen Josef, der mit seiner H\u00e4nde Arbeit die Heilige Familie ern\u00e4hrte, gib uns Kraft und Ausdauer, damit wir deinen Auftrag &hellip; <a href=\"https:\/\/ecclesiae.de\/blog\/?p=1296\">Weiterlesen <span class=\"meta-nav\">&rarr;<\/span><\/a><\/p>\n","protected":false},"author":3,"featured_media":0,"comment_status":"open","ping_status":"closed","sticky":false,"template":"","format":"standard","meta":{"footnotes":""},"categories":[1],"tags":[],"class_list":["post-1296","post","type-post","status-publish","format-standard","hentry","category-uncategorized"],"_links":{"self":[{"href":"https:\/\/ecclesiae.de\/blog\/index.php?rest_route=\/wp\/v2\/posts\/1296","targetHints":{"allow":["GET"]}}],"collection":[{"href":"https:\/\/ecclesiae.de\/blog\/index.php?rest_route=\/wp\/v2\/posts"}],"about":[{"href":"https:\/\/ecclesiae.de\/blog\/index.php?rest_route=\/wp\/v2\/types\/post"}],"author":[{"embeddable":true,"href":"https:\/\/ecclesiae.de\/blog\/index.php?rest_route=\/wp\/v2\/users\/3"}],"replies":[{"embeddable":true,"href":"https:\/\/ecclesiae.de\/blog\/index.php?rest_route=%2Fwp%2Fv2%2Fcomments&post=1296"}],"version-history":[{"count":2,"href":"https:\/\/ecclesiae.de\/blog\/index.php?rest_route=\/wp\/v2\/posts\/1296\/revisions"}],"predecessor-version":[{"id":1298,"href":"https:\/\/ecclesiae.de\/blog\/index.php?rest_route=\/wp\/v2\/posts\/1296\/revisions\/1298"}],"wp:attachment":[{"href":"https:\/\/ecclesiae.de\/blog\/index.php?rest_route=%2Fwp%2Fv2%2Fmedia&parent=1296"}],"wp:term":[{"taxonomy":"category","embeddable":true,"href":"https:\/\/ecclesiae.de\/blog\/index.php?rest_route=%2Fwp%2Fv2%2Fcategories&post=1296"},{"taxonomy":"post_tag","embeddable":true,"href":"https:\/\/ecclesiae.de\/blog\/index.php?rest_route=%2Fwp%2Fv2%2Ftags&post=1296"}],"curies":[{"name":"wp","href":"https:\/\/api.w.org\/{rel}","templated":true}]}}