{"id":1299,"date":"2013-05-02T00:00:07","date_gmt":"2013-05-02T00:00:07","guid":{"rendered":"http:\/\/ecclesiae.de\/blog\/?p=1299"},"modified":"2013-05-02T11:16:10","modified_gmt":"2013-05-02T11:16:10","slug":"02-mai-jahr-des-glaubens","status":"publish","type":"post","link":"https:\/\/ecclesiae.de\/blog\/?p=1299","title":{"rendered":"02. Mai &#8211; &#8222;Jahr des Glaubens&#8220;"},"content":{"rendered":"<p>Wache Du, Herr, mit denen, die wachen oder weinen in dieser Nacht.<\/p>\n<p>H\u00fcte deine Kranken. Lass deine M\u00fcden ruhen.<\/p>\n<p>Segne deine Sterbenden. Tr\u00f6ste deine Leidenden.<\/p>\n<p>Erbarme dich deiner Betr\u00fcbten, und sei mit Deinen Fr\u00f6hlichen und mit uns allen<\/p>\n<p>um deiner unendlichen Liebe willen. Amen.<\/p>\n<p>(<em>Augustinus<\/em>)<\/p>\n","protected":false},"excerpt":{"rendered":"<p>Wache Du, Herr, mit denen, die wachen oder weinen in dieser Nacht. H\u00fcte deine Kranken. Lass deine M\u00fcden ruhen. Segne deine Sterbenden. Tr\u00f6ste deine Leidenden. Erbarme dich deiner Betr\u00fcbten, und sei mit Deinen Fr\u00f6hlichen und mit uns allen um deiner &hellip; <a href=\"https:\/\/ecclesiae.de\/blog\/?p=1299\">Weiterlesen <span class=\"meta-nav\">&rarr;<\/span><\/a><\/p>\n","protected":false},"author":3,"featured_media":0,"comment_status":"open","ping_status":"closed","sticky":false,"template":"","format":"standard","meta":{"footnotes":""},"categories":[1],"tags":[],"class_list":["post-1299","post","type-post","status-publish","format-standard","hentry","category-uncategorized"],"_links":{"self":[{"href":"https:\/\/ecclesiae.de\/blog\/index.php?rest_route=\/wp\/v2\/posts\/1299","targetHints":{"allow":["GET"]}}],"collection":[{"href":"https:\/\/ecclesiae.de\/blog\/index.php?rest_route=\/wp\/v2\/posts"}],"about":[{"href":"https:\/\/ecclesiae.de\/blog\/index.php?rest_route=\/wp\/v2\/types\/post"}],"author":[{"embeddable":true,"href":"https:\/\/ecclesiae.de\/blog\/index.php?rest_route=\/wp\/v2\/users\/3"}],"replies":[{"embeddable":true,"href":"https:\/\/ecclesiae.de\/blog\/index.php?rest_route=%2Fwp%2Fv2%2Fcomments&post=1299"}],"version-history":[{"count":2,"href":"https:\/\/ecclesiae.de\/blog\/index.php?rest_route=\/wp\/v2\/posts\/1299\/revisions"}],"predecessor-version":[{"id":1334,"href":"https:\/\/ecclesiae.de\/blog\/index.php?rest_route=\/wp\/v2\/posts\/1299\/revisions\/1334"}],"wp:attachment":[{"href":"https:\/\/ecclesiae.de\/blog\/index.php?rest_route=%2Fwp%2Fv2%2Fmedia&parent=1299"}],"wp:term":[{"taxonomy":"category","embeddable":true,"href":"https:\/\/ecclesiae.de\/blog\/index.php?rest_route=%2Fwp%2Fv2%2Fcategories&post=1299"},{"taxonomy":"post_tag","embeddable":true,"href":"https:\/\/ecclesiae.de\/blog\/index.php?rest_route=%2Fwp%2Fv2%2Ftags&post=1299"}],"curies":[{"name":"wp","href":"https:\/\/api.w.org\/{rel}","templated":true}]}}