{"id":1301,"date":"2013-05-05T00:00:19","date_gmt":"2013-05-05T00:00:19","guid":{"rendered":"http:\/\/ecclesiae.de\/blog\/?p=1301"},"modified":"2013-04-25T14:56:47","modified_gmt":"2013-04-25T14:56:47","slug":"05-mai-jahr-des-glaubens","status":"publish","type":"post","link":"https:\/\/ecclesiae.de\/blog\/?p=1301","title":{"rendered":"05. Mai &#8211; &#8222;Jahr des Glaubens&#8220;"},"content":{"rendered":"<p>Atme in mir, Du Heiliger Geist, dass ich Heiliges denke.<\/p>\n<p>Treibe mich, Du Heiliger Geist, dass ich Heiliges tue.<\/p>\n<p>Locke mich, Du Heiliger Geist, dass ich Heiliges liebe.<\/p>\n<p>St\u00e4rke mich, Du Heiliger Geist, dass ich Heiliges h\u00fcte.<\/p>\n<p>H\u00fcte mich, Du Heiliger Geist, dass ich das Heilige niemals verliere. Amen.<\/p>\n<p>(<em>Augustinus<\/em>)<\/p>\n","protected":false},"excerpt":{"rendered":"<p>Atme in mir, Du Heiliger Geist, dass ich Heiliges denke. Treibe mich, Du Heiliger Geist, dass ich Heiliges tue. Locke mich, Du Heiliger Geist, dass ich Heiliges liebe. St\u00e4rke mich, Du Heiliger Geist, dass ich Heiliges h\u00fcte. H\u00fcte mich, Du &hellip; <a href=\"https:\/\/ecclesiae.de\/blog\/?p=1301\">Weiterlesen <span class=\"meta-nav\">&rarr;<\/span><\/a><\/p>\n","protected":false},"author":3,"featured_media":0,"comment_status":"open","ping_status":"closed","sticky":false,"template":"","format":"standard","meta":{"footnotes":""},"categories":[1],"tags":[],"class_list":["post-1301","post","type-post","status-publish","format-standard","hentry","category-uncategorized"],"_links":{"self":[{"href":"https:\/\/ecclesiae.de\/blog\/index.php?rest_route=\/wp\/v2\/posts\/1301","targetHints":{"allow":["GET"]}}],"collection":[{"href":"https:\/\/ecclesiae.de\/blog\/index.php?rest_route=\/wp\/v2\/posts"}],"about":[{"href":"https:\/\/ecclesiae.de\/blog\/index.php?rest_route=\/wp\/v2\/types\/post"}],"author":[{"embeddable":true,"href":"https:\/\/ecclesiae.de\/blog\/index.php?rest_route=\/wp\/v2\/users\/3"}],"replies":[{"embeddable":true,"href":"https:\/\/ecclesiae.de\/blog\/index.php?rest_route=%2Fwp%2Fv2%2Fcomments&post=1301"}],"version-history":[{"count":1,"href":"https:\/\/ecclesiae.de\/blog\/index.php?rest_route=\/wp\/v2\/posts\/1301\/revisions"}],"predecessor-version":[{"id":1302,"href":"https:\/\/ecclesiae.de\/blog\/index.php?rest_route=\/wp\/v2\/posts\/1301\/revisions\/1302"}],"wp:attachment":[{"href":"https:\/\/ecclesiae.de\/blog\/index.php?rest_route=%2Fwp%2Fv2%2Fmedia&parent=1301"}],"wp:term":[{"taxonomy":"category","embeddable":true,"href":"https:\/\/ecclesiae.de\/blog\/index.php?rest_route=%2Fwp%2Fv2%2Fcategories&post=1301"},{"taxonomy":"post_tag","embeddable":true,"href":"https:\/\/ecclesiae.de\/blog\/index.php?rest_route=%2Fwp%2Fv2%2Ftags&post=1301"}],"curies":[{"name":"wp","href":"https:\/\/api.w.org\/{rel}","templated":true}]}}