{"id":13045,"date":"2024-11-03T00:46:00","date_gmt":"2024-11-02T23:46:00","guid":{"rendered":"https:\/\/ecclesiae.de\/blog\/?p=13045"},"modified":"2024-07-17T09:47:58","modified_gmt":"2024-07-17T07:47:58","slug":"03-november-2","status":"publish","type":"post","link":"https:\/\/ecclesiae.de\/blog\/?p=13045","title":{"rendered":"03. November"},"content":{"rendered":"\n<div class=\"wp-block-media-text is-stacked-on-mobile\"><figure class=\"wp-block-media-text__media\"><img loading=\"lazy\" decoding=\"async\" width=\"1024\" height=\"575\" src=\"https:\/\/ecclesiae.de\/blog\/wp-content\/uploads\/2018\/09\/Allerheiligen-1024x575.jpg\" alt=\"\" class=\"wp-image-6686 size-full\" srcset=\"https:\/\/ecclesiae.de\/blog\/wp-content\/uploads\/2018\/09\/Allerheiligen-1024x575.jpg 1024w, https:\/\/ecclesiae.de\/blog\/wp-content\/uploads\/2018\/09\/Allerheiligen-300x168.jpg 300w, https:\/\/ecclesiae.de\/blog\/wp-content\/uploads\/2018\/09\/Allerheiligen-768x431.jpg 768w, https:\/\/ecclesiae.de\/blog\/wp-content\/uploads\/2018\/09\/Allerheiligen-500x281.jpg 500w\" sizes=\"auto, (max-width: 1024px) 100vw, 1024px\" \/><\/figure><div class=\"wp-block-media-text__content\">\n<p class=\"has-text-align-center\">Liebe Kinder! Auch diesmal rufe ich euch zum Gebet auf. Betet, damit ihr begreifen k\u00f6nnt, was euch Gott durch meine Gegenwart und durch die Botschaften, die ich euch gebe, sagen m\u00f6chte.<\/p>\n<\/div><\/div>\n\n\n\n<p class=\"has-text-align-center\">Ich m\u00f6chte euch alle immer n\u00e4her zu Jesus und Seinem verwundeten Herzen bringen, damit ihr Seine unerme\u00dfliche Liebe begreifen k\u00f6nnt, die sich f\u00fcr jeden von euch geschenkt hat. Deshalb, liebe Kinder, betet, damit aus euren Herzen eine Quelle der Liebe zu jedem Menschen zu flie\u00dfen beginnt &#8211; auch zu jenen, die euch hassen und verachten. So werdet ihr mit der Liebe Jesu das ganze Elend in dieser traurigen Welt besiegen k\u00f6nnen, die ohne Hoffnung f\u00fcr diejenigen ist, die Jesus nicht kennen. Ich bin mit euch und liebe euch mit der unerme\u00dflichen Liebe Jesu. Danke f\u00fcr alle Opfer und Gebete! Betet, damit ich euch noch mehr helfen kann! Eure Gebete sind mir notwendig. Danke, dass ihr meinem Ruf gefolgt seid!<\/p>\n\n\n\n<p class=\"has-text-align-center\">Botschaft vom 25.11.1991<\/p>\n","protected":false},"excerpt":{"rendered":"<p>Liebe Kinder! Auch diesmal rufe ich euch zum Gebet auf. Betet, damit ihr begreifen k\u00f6nnt, was euch Gott durch meine Gegenwart und durch die Botschaften, die ich euch gebe, sagen m\u00f6chte. Ich m\u00f6chte euch alle immer n\u00e4her zu Jesus und &hellip; <a href=\"https:\/\/ecclesiae.de\/blog\/?p=13045\">Weiterlesen <span class=\"meta-nav\">&rarr;<\/span><\/a><\/p>\n","protected":false},"author":3,"featured_media":0,"comment_status":"open","ping_status":"closed","sticky":false,"template":"","format":"standard","meta":{"footnotes":""},"categories":[1],"tags":[],"class_list":["post-13045","post","type-post","status-publish","format-standard","hentry","category-uncategorized"],"_links":{"self":[{"href":"https:\/\/ecclesiae.de\/blog\/index.php?rest_route=\/wp\/v2\/posts\/13045","targetHints":{"allow":["GET"]}}],"collection":[{"href":"https:\/\/ecclesiae.de\/blog\/index.php?rest_route=\/wp\/v2\/posts"}],"about":[{"href":"https:\/\/ecclesiae.de\/blog\/index.php?rest_route=\/wp\/v2\/types\/post"}],"author":[{"embeddable":true,"href":"https:\/\/ecclesiae.de\/blog\/index.php?rest_route=\/wp\/v2\/users\/3"}],"replies":[{"embeddable":true,"href":"https:\/\/ecclesiae.de\/blog\/index.php?rest_route=%2Fwp%2Fv2%2Fcomments&post=13045"}],"version-history":[{"count":1,"href":"https:\/\/ecclesiae.de\/blog\/index.php?rest_route=\/wp\/v2\/posts\/13045\/revisions"}],"predecessor-version":[{"id":13046,"href":"https:\/\/ecclesiae.de\/blog\/index.php?rest_route=\/wp\/v2\/posts\/13045\/revisions\/13046"}],"wp:attachment":[{"href":"https:\/\/ecclesiae.de\/blog\/index.php?rest_route=%2Fwp%2Fv2%2Fmedia&parent=13045"}],"wp:term":[{"taxonomy":"category","embeddable":true,"href":"https:\/\/ecclesiae.de\/blog\/index.php?rest_route=%2Fwp%2Fv2%2Fcategories&post=13045"},{"taxonomy":"post_tag","embeddable":true,"href":"https:\/\/ecclesiae.de\/blog\/index.php?rest_route=%2Fwp%2Fv2%2Ftags&post=13045"}],"curies":[{"name":"wp","href":"https:\/\/api.w.org\/{rel}","templated":true}]}}