{"id":13089,"date":"2024-11-25T00:41:00","date_gmt":"2024-11-24T23:41:00","guid":{"rendered":"https:\/\/ecclesiae.de\/blog\/?p=13089"},"modified":"2024-07-17T10:42:34","modified_gmt":"2024-07-17T08:42:34","slug":"25-november-5","status":"publish","type":"post","link":"https:\/\/ecclesiae.de\/blog\/?p=13089","title":{"rendered":"25. November"},"content":{"rendered":"\n<div class=\"wp-block-media-text is-stacked-on-mobile\"><figure class=\"wp-block-media-text__media\"><img loading=\"lazy\" decoding=\"async\" width=\"1024\" height=\"681\" src=\"https:\/\/ecclesiae.de\/blog\/wp-content\/uploads\/2023\/12\/027-1024x681.jpg\" alt=\"\" class=\"wp-image-12198 size-full\" srcset=\"https:\/\/ecclesiae.de\/blog\/wp-content\/uploads\/2023\/12\/027-1024x681.jpg 1024w, https:\/\/ecclesiae.de\/blog\/wp-content\/uploads\/2023\/12\/027-300x199.jpg 300w, https:\/\/ecclesiae.de\/blog\/wp-content\/uploads\/2023\/12\/027-768x511.jpg 768w, https:\/\/ecclesiae.de\/blog\/wp-content\/uploads\/2023\/12\/027-1536x1021.jpg 1536w, https:\/\/ecclesiae.de\/blog\/wp-content\/uploads\/2023\/12\/027-2048x1361.jpg 2048w, https:\/\/ecclesiae.de\/blog\/wp-content\/uploads\/2023\/12\/027-451x300.jpg 451w\" sizes=\"auto, (max-width: 1024px) 100vw, 1024px\" \/><\/figure><div class=\"wp-block-media-text__content\">\n<p class=\"has-text-align-center\">Liebe Kinder! Heute rufe ich euch alle zum Gebet auf. Meine lieben Kinder, \u00f6ffnet die T\u00fcr des Herzens tief dem Gebet, dem Herzensgebet, dann wird der Allm\u00e4chtige auf eure Freiheit einwirken k\u00f6nnen und die Bekehrung beginnt. Der Glaube wird fest werden, so dass ihr mit ganzem Herzen sagen k\u00f6nnt: &#8222;Mein Gott, mein Alles!&#8220; Meine lieben Kinder, ihr werdet begreifen, dass hier auf Erden alles verg\u00e4nglich ist. Danke, dass ihr meinem Ruf gefolgt seid!<\/p>\n\n\n\n<p class=\"has-text-align-center\">Botschaft vom 25.11.2013<\/p>\n<\/div><\/div>\n","protected":false},"excerpt":{"rendered":"<p>Liebe Kinder! Heute rufe ich euch alle zum Gebet auf. Meine lieben Kinder, \u00f6ffnet die T\u00fcr des Herzens tief dem Gebet, dem Herzensgebet, dann wird der Allm\u00e4chtige auf eure Freiheit einwirken k\u00f6nnen und die Bekehrung beginnt. Der Glaube wird fest &hellip; <a href=\"https:\/\/ecclesiae.de\/blog\/?p=13089\">Weiterlesen <span class=\"meta-nav\">&rarr;<\/span><\/a><\/p>\n","protected":false},"author":3,"featured_media":0,"comment_status":"open","ping_status":"closed","sticky":false,"template":"","format":"standard","meta":{"footnotes":""},"categories":[1],"tags":[],"class_list":["post-13089","post","type-post","status-publish","format-standard","hentry","category-uncategorized"],"_links":{"self":[{"href":"https:\/\/ecclesiae.de\/blog\/index.php?rest_route=\/wp\/v2\/posts\/13089","targetHints":{"allow":["GET"]}}],"collection":[{"href":"https:\/\/ecclesiae.de\/blog\/index.php?rest_route=\/wp\/v2\/posts"}],"about":[{"href":"https:\/\/ecclesiae.de\/blog\/index.php?rest_route=\/wp\/v2\/types\/post"}],"author":[{"embeddable":true,"href":"https:\/\/ecclesiae.de\/blog\/index.php?rest_route=\/wp\/v2\/users\/3"}],"replies":[{"embeddable":true,"href":"https:\/\/ecclesiae.de\/blog\/index.php?rest_route=%2Fwp%2Fv2%2Fcomments&post=13089"}],"version-history":[{"count":1,"href":"https:\/\/ecclesiae.de\/blog\/index.php?rest_route=\/wp\/v2\/posts\/13089\/revisions"}],"predecessor-version":[{"id":13090,"href":"https:\/\/ecclesiae.de\/blog\/index.php?rest_route=\/wp\/v2\/posts\/13089\/revisions\/13090"}],"wp:attachment":[{"href":"https:\/\/ecclesiae.de\/blog\/index.php?rest_route=%2Fwp%2Fv2%2Fmedia&parent=13089"}],"wp:term":[{"taxonomy":"category","embeddable":true,"href":"https:\/\/ecclesiae.de\/blog\/index.php?rest_route=%2Fwp%2Fv2%2Fcategories&post=13089"},{"taxonomy":"post_tag","embeddable":true,"href":"https:\/\/ecclesiae.de\/blog\/index.php?rest_route=%2Fwp%2Fv2%2Ftags&post=13089"}],"curies":[{"name":"wp","href":"https:\/\/api.w.org\/{rel}","templated":true}]}}