{"id":13179,"date":"2025-01-14T00:33:00","date_gmt":"2025-01-13T23:33:00","guid":{"rendered":"https:\/\/ecclesiae.de\/blog\/?p=13179"},"modified":"2025-01-03T16:35:07","modified_gmt":"2025-01-03T15:35:07","slug":"14-januar-4","status":"publish","type":"post","link":"https:\/\/ecclesiae.de\/blog\/?p=13179","title":{"rendered":"14. Januar"},"content":{"rendered":"\n<div class=\"wp-block-media-text is-stacked-on-mobile\"><figure class=\"wp-block-media-text__media\"><img loading=\"lazy\" decoding=\"async\" width=\"768\" height=\"1024\" src=\"https:\/\/ecclesiae.de\/blog\/wp-content\/uploads\/2024\/12\/IMG-20230129-WA0026.jpg\" alt=\"\" class=\"wp-image-13146 size-full\" srcset=\"https:\/\/ecclesiae.de\/blog\/wp-content\/uploads\/2024\/12\/IMG-20230129-WA0026.jpg 768w, https:\/\/ecclesiae.de\/blog\/wp-content\/uploads\/2024\/12\/IMG-20230129-WA0026-225x300.jpg 225w\" sizes=\"auto, (max-width: 768px) 100vw, 768px\" \/><\/figure><div class=\"wp-block-media-text__content\">\n<p class=\"has-text-align-center has-medium-font-size\">Im Evangelium dieses Sonntags h\u00f6ren wir Johannes den T\u00e4ufer \u00fcber Jesus sagen: \u00bbSeht das Lamm Gottes, das die S\u00fcnde der Welt hinwegnimmt.\u00ab Jesus Christus ist unser Weg aus der Versklavung durch die S\u00fcnde. Durch das Erl\u00f6sungsopfer der Hingabe seines Lebens hat er uns von der Macht der S\u00fcnde befreit und uns die Freiheit der S\u00f6hne und T\u00f6chter Gottes erworben.<\/p>\n\n\n\n<p class=\"has-text-align-center\">(Papst Benedikt XVI. beim Angelus am 20.1.2008)<\/p>\n<\/div><\/div>\n","protected":false},"excerpt":{"rendered":"<p>Im Evangelium dieses Sonntags h\u00f6ren wir Johannes den T\u00e4ufer \u00fcber Jesus sagen: \u00bbSeht das Lamm Gottes, das die S\u00fcnde der Welt hinwegnimmt.\u00ab Jesus Christus ist unser Weg aus der Versklavung durch die S\u00fcnde. Durch das Erl\u00f6sungsopfer der Hingabe seines Lebens &hellip; <a href=\"https:\/\/ecclesiae.de\/blog\/?p=13179\">Weiterlesen <span class=\"meta-nav\">&rarr;<\/span><\/a><\/p>\n","protected":false},"author":3,"featured_media":0,"comment_status":"open","ping_status":"closed","sticky":false,"template":"","format":"standard","meta":{"footnotes":""},"categories":[1],"tags":[],"class_list":["post-13179","post","type-post","status-publish","format-standard","hentry","category-uncategorized"],"_links":{"self":[{"href":"https:\/\/ecclesiae.de\/blog\/index.php?rest_route=\/wp\/v2\/posts\/13179","targetHints":{"allow":["GET"]}}],"collection":[{"href":"https:\/\/ecclesiae.de\/blog\/index.php?rest_route=\/wp\/v2\/posts"}],"about":[{"href":"https:\/\/ecclesiae.de\/blog\/index.php?rest_route=\/wp\/v2\/types\/post"}],"author":[{"embeddable":true,"href":"https:\/\/ecclesiae.de\/blog\/index.php?rest_route=\/wp\/v2\/users\/3"}],"replies":[{"embeddable":true,"href":"https:\/\/ecclesiae.de\/blog\/index.php?rest_route=%2Fwp%2Fv2%2Fcomments&post=13179"}],"version-history":[{"count":1,"href":"https:\/\/ecclesiae.de\/blog\/index.php?rest_route=\/wp\/v2\/posts\/13179\/revisions"}],"predecessor-version":[{"id":13180,"href":"https:\/\/ecclesiae.de\/blog\/index.php?rest_route=\/wp\/v2\/posts\/13179\/revisions\/13180"}],"wp:attachment":[{"href":"https:\/\/ecclesiae.de\/blog\/index.php?rest_route=%2Fwp%2Fv2%2Fmedia&parent=13179"}],"wp:term":[{"taxonomy":"category","embeddable":true,"href":"https:\/\/ecclesiae.de\/blog\/index.php?rest_route=%2Fwp%2Fv2%2Fcategories&post=13179"},{"taxonomy":"post_tag","embeddable":true,"href":"https:\/\/ecclesiae.de\/blog\/index.php?rest_route=%2Fwp%2Fv2%2Ftags&post=13179"}],"curies":[{"name":"wp","href":"https:\/\/api.w.org\/{rel}","templated":true}]}}