{"id":13183,"date":"2025-01-15T17:00:00","date_gmt":"2025-01-15T16:00:00","guid":{"rendered":"https:\/\/ecclesiae.de\/blog\/?p=13183"},"modified":"2025-01-03T17:04:42","modified_gmt":"2025-01-03T16:04:42","slug":"15-januar-4","status":"publish","type":"post","link":"https:\/\/ecclesiae.de\/blog\/?p=13183","title":{"rendered":"15. Januar"},"content":{"rendered":"\n<div class=\"wp-block-media-text is-stacked-on-mobile\"><figure class=\"wp-block-media-text__media\"><img loading=\"lazy\" decoding=\"async\" width=\"1024\" height=\"497\" src=\"https:\/\/ecclesiae.de\/blog\/wp-content\/uploads\/2024\/12\/IMG-20230217-WA0001-1024x497.jpg\" alt=\"\" class=\"wp-image-13150 size-full\" srcset=\"https:\/\/ecclesiae.de\/blog\/wp-content\/uploads\/2024\/12\/IMG-20230217-WA0001-1024x497.jpg 1024w, https:\/\/ecclesiae.de\/blog\/wp-content\/uploads\/2024\/12\/IMG-20230217-WA0001-300x146.jpg 300w, https:\/\/ecclesiae.de\/blog\/wp-content\/uploads\/2024\/12\/IMG-20230217-WA0001-768x373.jpg 768w, https:\/\/ecclesiae.de\/blog\/wp-content\/uploads\/2024\/12\/IMG-20230217-WA0001-1536x746.jpg 1536w, https:\/\/ecclesiae.de\/blog\/wp-content\/uploads\/2024\/12\/IMG-20230217-WA0001-500x243.jpg 500w, https:\/\/ecclesiae.de\/blog\/wp-content\/uploads\/2024\/12\/IMG-20230217-WA0001.jpg 1600w\" sizes=\"auto, (max-width: 1024px) 100vw, 1024px\" \/><\/figure><div class=\"wp-block-media-text__content\">\n<p class=\"has-text-align-center has-medium-font-size\">Auch beim Jubel der Massen wusste ich immer, die Leute meinen ja nicht dieses armselige M\u00e4nnlein da, sondern meinen doch den, den ich vertrete.<\/p>\n\n\n\n<p class=\"has-text-align-center\">(Papst Benedikt in dem am 9.9.2016 ver\u00f6ffentlichen Buch &#8222;Letzte Gespr\u00e4che&#8220;)<\/p>\n<\/div><\/div>\n","protected":false},"excerpt":{"rendered":"<p>Auch beim Jubel der Massen wusste ich immer, die Leute meinen ja nicht dieses armselige M\u00e4nnlein da, sondern meinen doch den, den ich vertrete. (Papst Benedikt in dem am 9.9.2016 ver\u00f6ffentlichen Buch &#8222;Letzte Gespr\u00e4che&#8220;)<\/p>\n","protected":false},"author":3,"featured_media":0,"comment_status":"open","ping_status":"closed","sticky":false,"template":"","format":"standard","meta":{"footnotes":""},"categories":[1],"tags":[],"class_list":["post-13183","post","type-post","status-publish","format-standard","hentry","category-uncategorized"],"_links":{"self":[{"href":"https:\/\/ecclesiae.de\/blog\/index.php?rest_route=\/wp\/v2\/posts\/13183","targetHints":{"allow":["GET"]}}],"collection":[{"href":"https:\/\/ecclesiae.de\/blog\/index.php?rest_route=\/wp\/v2\/posts"}],"about":[{"href":"https:\/\/ecclesiae.de\/blog\/index.php?rest_route=\/wp\/v2\/types\/post"}],"author":[{"embeddable":true,"href":"https:\/\/ecclesiae.de\/blog\/index.php?rest_route=\/wp\/v2\/users\/3"}],"replies":[{"embeddable":true,"href":"https:\/\/ecclesiae.de\/blog\/index.php?rest_route=%2Fwp%2Fv2%2Fcomments&post=13183"}],"version-history":[{"count":1,"href":"https:\/\/ecclesiae.de\/blog\/index.php?rest_route=\/wp\/v2\/posts\/13183\/revisions"}],"predecessor-version":[{"id":13184,"href":"https:\/\/ecclesiae.de\/blog\/index.php?rest_route=\/wp\/v2\/posts\/13183\/revisions\/13184"}],"wp:attachment":[{"href":"https:\/\/ecclesiae.de\/blog\/index.php?rest_route=%2Fwp%2Fv2%2Fmedia&parent=13183"}],"wp:term":[{"taxonomy":"category","embeddable":true,"href":"https:\/\/ecclesiae.de\/blog\/index.php?rest_route=%2Fwp%2Fv2%2Fcategories&post=13183"},{"taxonomy":"post_tag","embeddable":true,"href":"https:\/\/ecclesiae.de\/blog\/index.php?rest_route=%2Fwp%2Fv2%2Ftags&post=13183"}],"curies":[{"name":"wp","href":"https:\/\/api.w.org\/{rel}","templated":true}]}}