{"id":13185,"date":"2025-01-16T00:05:00","date_gmt":"2025-01-15T23:05:00","guid":{"rendered":"https:\/\/ecclesiae.de\/blog\/?p=13185"},"modified":"2025-01-03T17:06:29","modified_gmt":"2025-01-03T16:06:29","slug":"16-januar-4","status":"publish","type":"post","link":"https:\/\/ecclesiae.de\/blog\/?p=13185","title":{"rendered":"16. Januar"},"content":{"rendered":"\n<div class=\"wp-block-media-text is-stacked-on-mobile\"><figure class=\"wp-block-media-text__media\"><img loading=\"lazy\" decoding=\"async\" width=\"1024\" height=\"768\" src=\"https:\/\/ecclesiae.de\/blog\/wp-content\/uploads\/2024\/12\/IMG-20230130-WA0020.jpg\" alt=\"\" class=\"wp-image-13149 size-full\" srcset=\"https:\/\/ecclesiae.de\/blog\/wp-content\/uploads\/2024\/12\/IMG-20230130-WA0020.jpg 1024w, https:\/\/ecclesiae.de\/blog\/wp-content\/uploads\/2024\/12\/IMG-20230130-WA0020-300x225.jpg 300w, https:\/\/ecclesiae.de\/blog\/wp-content\/uploads\/2024\/12\/IMG-20230130-WA0020-768x576.jpg 768w, https:\/\/ecclesiae.de\/blog\/wp-content\/uploads\/2024\/12\/IMG-20230130-WA0020-400x300.jpg 400w\" sizes=\"auto, (max-width: 1024px) 100vw, 1024px\" \/><\/figure><div class=\"wp-block-media-text__content\">\n<p class=\"has-text-align-center has-medium-font-size\">Ich bin eben doch in der Hinsicht tats\u00e4chlich mehr ein Professor, jemand, der die geistigen Dinge \u00fcberlegt und bedenkt. Das praktische Regieren ist nicht so meine Seite, und da, w\u00fcrde ich sagen, ist eine gewisse Schw\u00e4che.&#8220;<\/p>\n\n\n\n<p class=\"has-text-align-center\">(Aus dem Buch &#8222;Letzte Gespr\u00e4che, das am 9.9.2016 ver\u00f6ffentlicht wurde,)<\/p>\n<\/div><\/div>\n","protected":false},"excerpt":{"rendered":"<p>Ich bin eben doch in der Hinsicht tats\u00e4chlich mehr ein Professor, jemand, der die geistigen Dinge \u00fcberlegt und bedenkt. Das praktische Regieren ist nicht so meine Seite, und da, w\u00fcrde ich sagen, ist eine gewisse Schw\u00e4che.&#8220; (Aus dem Buch &#8222;Letzte &hellip; <a href=\"https:\/\/ecclesiae.de\/blog\/?p=13185\">Weiterlesen <span class=\"meta-nav\">&rarr;<\/span><\/a><\/p>\n","protected":false},"author":3,"featured_media":0,"comment_status":"open","ping_status":"closed","sticky":false,"template":"","format":"standard","meta":{"footnotes":""},"categories":[1],"tags":[],"class_list":["post-13185","post","type-post","status-publish","format-standard","hentry","category-uncategorized"],"_links":{"self":[{"href":"https:\/\/ecclesiae.de\/blog\/index.php?rest_route=\/wp\/v2\/posts\/13185","targetHints":{"allow":["GET"]}}],"collection":[{"href":"https:\/\/ecclesiae.de\/blog\/index.php?rest_route=\/wp\/v2\/posts"}],"about":[{"href":"https:\/\/ecclesiae.de\/blog\/index.php?rest_route=\/wp\/v2\/types\/post"}],"author":[{"embeddable":true,"href":"https:\/\/ecclesiae.de\/blog\/index.php?rest_route=\/wp\/v2\/users\/3"}],"replies":[{"embeddable":true,"href":"https:\/\/ecclesiae.de\/blog\/index.php?rest_route=%2Fwp%2Fv2%2Fcomments&post=13185"}],"version-history":[{"count":1,"href":"https:\/\/ecclesiae.de\/blog\/index.php?rest_route=\/wp\/v2\/posts\/13185\/revisions"}],"predecessor-version":[{"id":13186,"href":"https:\/\/ecclesiae.de\/blog\/index.php?rest_route=\/wp\/v2\/posts\/13185\/revisions\/13186"}],"wp:attachment":[{"href":"https:\/\/ecclesiae.de\/blog\/index.php?rest_route=%2Fwp%2Fv2%2Fmedia&parent=13185"}],"wp:term":[{"taxonomy":"category","embeddable":true,"href":"https:\/\/ecclesiae.de\/blog\/index.php?rest_route=%2Fwp%2Fv2%2Fcategories&post=13185"},{"taxonomy":"post_tag","embeddable":true,"href":"https:\/\/ecclesiae.de\/blog\/index.php?rest_route=%2Fwp%2Fv2%2Ftags&post=13185"}],"curies":[{"name":"wp","href":"https:\/\/api.w.org\/{rel}","templated":true}]}}