{"id":13193,"date":"2025-01-21T00:02:00","date_gmt":"2025-01-20T23:02:00","guid":{"rendered":"https:\/\/ecclesiae.de\/blog\/?p=13193"},"modified":"2025-01-04T10:49:38","modified_gmt":"2025-01-04T09:49:38","slug":"21-januar-4","status":"publish","type":"post","link":"https:\/\/ecclesiae.de\/blog\/?p=13193","title":{"rendered":"21. Januar"},"content":{"rendered":"\n<div class=\"wp-block-media-text is-stacked-on-mobile\"><figure class=\"wp-block-media-text__media\"><img loading=\"lazy\" decoding=\"async\" width=\"1024\" height=\"575\" src=\"https:\/\/ecclesiae.de\/blog\/wp-content\/uploads\/2022\/02\/April-1024x575.jpg\" alt=\"\" class=\"wp-image-9950 size-full\" srcset=\"https:\/\/ecclesiae.de\/blog\/wp-content\/uploads\/2022\/02\/April-1024x575.jpg 1024w, https:\/\/ecclesiae.de\/blog\/wp-content\/uploads\/2022\/02\/April-300x168.jpg 300w, https:\/\/ecclesiae.de\/blog\/wp-content\/uploads\/2022\/02\/April-768x431.jpg 768w, https:\/\/ecclesiae.de\/blog\/wp-content\/uploads\/2022\/02\/April-1536x863.jpg 1536w, https:\/\/ecclesiae.de\/blog\/wp-content\/uploads\/2022\/02\/April-2048x1150.jpg 2048w, https:\/\/ecclesiae.de\/blog\/wp-content\/uploads\/2022\/02\/April-500x281.jpg 500w\" sizes=\"auto, (max-width: 1024px) 100vw, 1024px\" \/><\/figure><div class=\"wp-block-media-text__content\">\n<p class=\"has-text-align-center\">Die Einheit ist ein Gottesgeschenk. Wir m\u00fcssen darum beharrlich beten. Je mehr wir uns Christus im Gebet n\u00e4hern, um so enger wird auch unsere Beziehung zu den anderen Betern. Der Heilige Geist st\u00e4rke eure Gemeinschaft im Gebet und in den guten Werken.<\/p>\n\n\n\n<p class=\"has-text-align-center\">(Papst Benedikt XVI. am 17.1.2007)<\/p>\n<\/div><\/div>\n","protected":false},"excerpt":{"rendered":"<p>Die Einheit ist ein Gottesgeschenk. Wir m\u00fcssen darum beharrlich beten. Je mehr wir uns Christus im Gebet n\u00e4hern, um so enger wird auch unsere Beziehung zu den anderen Betern. Der Heilige Geist st\u00e4rke eure Gemeinschaft im Gebet und in den &hellip; <a href=\"https:\/\/ecclesiae.de\/blog\/?p=13193\">Weiterlesen <span class=\"meta-nav\">&rarr;<\/span><\/a><\/p>\n","protected":false},"author":3,"featured_media":0,"comment_status":"open","ping_status":"closed","sticky":false,"template":"","format":"standard","meta":{"footnotes":""},"categories":[1],"tags":[],"class_list":["post-13193","post","type-post","status-publish","format-standard","hentry","category-uncategorized"],"_links":{"self":[{"href":"https:\/\/ecclesiae.de\/blog\/index.php?rest_route=\/wp\/v2\/posts\/13193","targetHints":{"allow":["GET"]}}],"collection":[{"href":"https:\/\/ecclesiae.de\/blog\/index.php?rest_route=\/wp\/v2\/posts"}],"about":[{"href":"https:\/\/ecclesiae.de\/blog\/index.php?rest_route=\/wp\/v2\/types\/post"}],"author":[{"embeddable":true,"href":"https:\/\/ecclesiae.de\/blog\/index.php?rest_route=\/wp\/v2\/users\/3"}],"replies":[{"embeddable":true,"href":"https:\/\/ecclesiae.de\/blog\/index.php?rest_route=%2Fwp%2Fv2%2Fcomments&post=13193"}],"version-history":[{"count":1,"href":"https:\/\/ecclesiae.de\/blog\/index.php?rest_route=\/wp\/v2\/posts\/13193\/revisions"}],"predecessor-version":[{"id":13194,"href":"https:\/\/ecclesiae.de\/blog\/index.php?rest_route=\/wp\/v2\/posts\/13193\/revisions\/13194"}],"wp:attachment":[{"href":"https:\/\/ecclesiae.de\/blog\/index.php?rest_route=%2Fwp%2Fv2%2Fmedia&parent=13193"}],"wp:term":[{"taxonomy":"category","embeddable":true,"href":"https:\/\/ecclesiae.de\/blog\/index.php?rest_route=%2Fwp%2Fv2%2Fcategories&post=13193"},{"taxonomy":"post_tag","embeddable":true,"href":"https:\/\/ecclesiae.de\/blog\/index.php?rest_route=%2Fwp%2Fv2%2Ftags&post=13193"}],"curies":[{"name":"wp","href":"https:\/\/api.w.org\/{rel}","templated":true}]}}