{"id":1325,"date":"2013-05-13T00:00:29","date_gmt":"2013-05-13T00:00:29","guid":{"rendered":"http:\/\/ecclesiae.de\/blog\/?p=1325"},"modified":"2013-04-29T12:11:16","modified_gmt":"2013-04-29T12:11:16","slug":"13-mai-jahr-des-glaubens","status":"publish","type":"post","link":"https:\/\/ecclesiae.de\/blog\/?p=1325","title":{"rendered":"13.Mai &#8211; &#8222;Jahr des Glaubens&#8220;"},"content":{"rendered":"<p>Bete f\u00fcr die Vergangenheit: Mein Jesus Barmherzigkeit.<\/p>\n<p>Bete f\u00fcr die Gegenwart: Mein Jesus hilf mir!<\/p>\n<p>Bete f\u00fcr die Zukunft: Mein Jesus, ich vertraue auf dich!<\/p>\n<p>(Vinzenz Pallotti)<\/p>\n","protected":false},"excerpt":{"rendered":"<p>Bete f\u00fcr die Vergangenheit: Mein Jesus Barmherzigkeit. Bete f\u00fcr die Gegenwart: Mein Jesus hilf mir! Bete f\u00fcr die Zukunft: Mein Jesus, ich vertraue auf dich! (Vinzenz Pallotti)<\/p>\n","protected":false},"author":3,"featured_media":0,"comment_status":"open","ping_status":"closed","sticky":false,"template":"","format":"standard","meta":{"footnotes":""},"categories":[1],"tags":[],"class_list":["post-1325","post","type-post","status-publish","format-standard","hentry","category-uncategorized"],"_links":{"self":[{"href":"https:\/\/ecclesiae.de\/blog\/index.php?rest_route=\/wp\/v2\/posts\/1325","targetHints":{"allow":["GET"]}}],"collection":[{"href":"https:\/\/ecclesiae.de\/blog\/index.php?rest_route=\/wp\/v2\/posts"}],"about":[{"href":"https:\/\/ecclesiae.de\/blog\/index.php?rest_route=\/wp\/v2\/types\/post"}],"author":[{"embeddable":true,"href":"https:\/\/ecclesiae.de\/blog\/index.php?rest_route=\/wp\/v2\/users\/3"}],"replies":[{"embeddable":true,"href":"https:\/\/ecclesiae.de\/blog\/index.php?rest_route=%2Fwp%2Fv2%2Fcomments&post=1325"}],"version-history":[{"count":1,"href":"https:\/\/ecclesiae.de\/blog\/index.php?rest_route=\/wp\/v2\/posts\/1325\/revisions"}],"predecessor-version":[{"id":1326,"href":"https:\/\/ecclesiae.de\/blog\/index.php?rest_route=\/wp\/v2\/posts\/1325\/revisions\/1326"}],"wp:attachment":[{"href":"https:\/\/ecclesiae.de\/blog\/index.php?rest_route=%2Fwp%2Fv2%2Fmedia&parent=1325"}],"wp:term":[{"taxonomy":"category","embeddable":true,"href":"https:\/\/ecclesiae.de\/blog\/index.php?rest_route=%2Fwp%2Fv2%2Fcategories&post=1325"},{"taxonomy":"post_tag","embeddable":true,"href":"https:\/\/ecclesiae.de\/blog\/index.php?rest_route=%2Fwp%2Fv2%2Ftags&post=1325"}],"curies":[{"name":"wp","href":"https:\/\/api.w.org\/{rel}","templated":true}]}}