{"id":1327,"date":"2013-05-14T00:00:51","date_gmt":"2013-05-14T00:00:51","guid":{"rendered":"http:\/\/ecclesiae.de\/blog\/?p=1327"},"modified":"2013-04-29T12:13:18","modified_gmt":"2013-04-29T12:13:18","slug":"14-mai-jahr-des-glaubens","status":"publish","type":"post","link":"https:\/\/ecclesiae.de\/blog\/?p=1327","title":{"rendered":"14. Mai &#8211; &#8222;Jahr des Glaubens&#8220;"},"content":{"rendered":"<p>Die Menschen gleichen Maulw\u00fcrfen, die unter der Erde ihre G\u00e4nge graben<\/p>\n<p>und nur selten bis zum Tageslicht vorsto\u00dfen.<\/p>\n<p>(<em>Johannes Maria Vianney<\/em>)<\/p>\n","protected":false},"excerpt":{"rendered":"<p>Die Menschen gleichen Maulw\u00fcrfen, die unter der Erde ihre G\u00e4nge graben und nur selten bis zum Tageslicht vorsto\u00dfen. (Johannes Maria Vianney)<\/p>\n","protected":false},"author":3,"featured_media":0,"comment_status":"open","ping_status":"closed","sticky":false,"template":"","format":"standard","meta":{"footnotes":""},"categories":[1],"tags":[],"class_list":["post-1327","post","type-post","status-publish","format-standard","hentry","category-uncategorized"],"_links":{"self":[{"href":"https:\/\/ecclesiae.de\/blog\/index.php?rest_route=\/wp\/v2\/posts\/1327","targetHints":{"allow":["GET"]}}],"collection":[{"href":"https:\/\/ecclesiae.de\/blog\/index.php?rest_route=\/wp\/v2\/posts"}],"about":[{"href":"https:\/\/ecclesiae.de\/blog\/index.php?rest_route=\/wp\/v2\/types\/post"}],"author":[{"embeddable":true,"href":"https:\/\/ecclesiae.de\/blog\/index.php?rest_route=\/wp\/v2\/users\/3"}],"replies":[{"embeddable":true,"href":"https:\/\/ecclesiae.de\/blog\/index.php?rest_route=%2Fwp%2Fv2%2Fcomments&post=1327"}],"version-history":[{"count":2,"href":"https:\/\/ecclesiae.de\/blog\/index.php?rest_route=\/wp\/v2\/posts\/1327\/revisions"}],"predecessor-version":[{"id":1329,"href":"https:\/\/ecclesiae.de\/blog\/index.php?rest_route=\/wp\/v2\/posts\/1327\/revisions\/1329"}],"wp:attachment":[{"href":"https:\/\/ecclesiae.de\/blog\/index.php?rest_route=%2Fwp%2Fv2%2Fmedia&parent=1327"}],"wp:term":[{"taxonomy":"category","embeddable":true,"href":"https:\/\/ecclesiae.de\/blog\/index.php?rest_route=%2Fwp%2Fv2%2Fcategories&post=1327"},{"taxonomy":"post_tag","embeddable":true,"href":"https:\/\/ecclesiae.de\/blog\/index.php?rest_route=%2Fwp%2Fv2%2Ftags&post=1327"}],"curies":[{"name":"wp","href":"https:\/\/api.w.org\/{rel}","templated":true}]}}