{"id":1342,"date":"2013-05-19T00:00:05","date_gmt":"2013-05-19T00:00:05","guid":{"rendered":"http:\/\/ecclesiae.de\/blog\/?p=1342"},"modified":"2013-05-15T10:54:07","modified_gmt":"2013-05-15T10:54:07","slug":"19-mai-jahr-des-glaubens","status":"publish","type":"post","link":"https:\/\/ecclesiae.de\/blog\/?p=1342","title":{"rendered":"19. Mai &#8211; &#8222;Jahr des Glaubens&#8220;"},"content":{"rendered":"<p>Und wieder f\u00fchrt das Jahr herauf<br \/>\nder sel\u00b4gen Freude hohen Tag:<br \/>\nDer Beistand, den der Herr verhie\u00df,<br \/>\nwird seinen J\u00fcngern heut geschenkt.<\/p>\n<p>&nbsp;<br \/>\nIn Flammen st\u00fcrzt das Licht herab<br \/>\nund strahlt in Feuerzungen auf,<br \/>\nda\u00df Glut der Liebe sie durchstr\u00f6mt<br \/>\nund ihrem Worte Macht verleiht.<\/p>\n<p>&nbsp;<br \/>\nIn allen Sprachen reden sie,<br \/>\ndie Menge staunt und steht gebannt,<br \/>\nman glaubt vom Weine sie berauscht,<br \/>\ndie doch vom Geiste trunken sind.<\/p>\n<p>&nbsp;<br \/>\nWir bitten dich, du guter Gott,<br \/>\nmit tief geneigtem Angesicht:<br \/>\nDes Geistes Gaben gie\u00dfe nun<br \/>\nauch \u00fcber uns in Gnaden aus.<\/p>\n<p>&nbsp;<br \/>\nDir, Gott und Vater, sei der Ruhm,<br \/>\ndem Sohne, der vom Tod erstand,<br \/>\ndem Geist, der unser Beistand ist,<br \/>\ndurch alle Zeit und Ewigkeit. Amen.<\/p>\n<p>(<em>Hymnus zur <a href=\"http:\/\/vulgata.info\/index.php\/Kategorie:Stundenbuch:Pfingsten\">Laudes<\/a> an Pfingsten<\/em>)<\/p>\n","protected":false},"excerpt":{"rendered":"<p>Und wieder f\u00fchrt das Jahr herauf der sel\u00b4gen Freude hohen Tag: Der Beistand, den der Herr verhie\u00df, wird seinen J\u00fcngern heut geschenkt. &nbsp; In Flammen st\u00fcrzt das Licht herab und strahlt in Feuerzungen auf, da\u00df Glut der Liebe sie durchstr\u00f6mt &hellip; <a href=\"https:\/\/ecclesiae.de\/blog\/?p=1342\">Weiterlesen <span class=\"meta-nav\">&rarr;<\/span><\/a><\/p>\n","protected":false},"author":3,"featured_media":0,"comment_status":"open","ping_status":"closed","sticky":false,"template":"","format":"standard","meta":{"footnotes":""},"categories":[1],"tags":[],"class_list":["post-1342","post","type-post","status-publish","format-standard","hentry","category-uncategorized"],"_links":{"self":[{"href":"https:\/\/ecclesiae.de\/blog\/index.php?rest_route=\/wp\/v2\/posts\/1342","targetHints":{"allow":["GET"]}}],"collection":[{"href":"https:\/\/ecclesiae.de\/blog\/index.php?rest_route=\/wp\/v2\/posts"}],"about":[{"href":"https:\/\/ecclesiae.de\/blog\/index.php?rest_route=\/wp\/v2\/types\/post"}],"author":[{"embeddable":true,"href":"https:\/\/ecclesiae.de\/blog\/index.php?rest_route=\/wp\/v2\/users\/3"}],"replies":[{"embeddable":true,"href":"https:\/\/ecclesiae.de\/blog\/index.php?rest_route=%2Fwp%2Fv2%2Fcomments&post=1342"}],"version-history":[{"count":5,"href":"https:\/\/ecclesiae.de\/blog\/index.php?rest_route=\/wp\/v2\/posts\/1342\/revisions"}],"predecessor-version":[{"id":1347,"href":"https:\/\/ecclesiae.de\/blog\/index.php?rest_route=\/wp\/v2\/posts\/1342\/revisions\/1347"}],"wp:attachment":[{"href":"https:\/\/ecclesiae.de\/blog\/index.php?rest_route=%2Fwp%2Fv2%2Fmedia&parent=1342"}],"wp:term":[{"taxonomy":"category","embeddable":true,"href":"https:\/\/ecclesiae.de\/blog\/index.php?rest_route=%2Fwp%2Fv2%2Fcategories&post=1342"},{"taxonomy":"post_tag","embeddable":true,"href":"https:\/\/ecclesiae.de\/blog\/index.php?rest_route=%2Fwp%2Fv2%2Ftags&post=1342"}],"curies":[{"name":"wp","href":"https:\/\/api.w.org\/{rel}","templated":true}]}}