{"id":1356,"date":"2013-05-23T00:00:12","date_gmt":"2013-05-23T00:00:12","guid":{"rendered":"http:\/\/ecclesiae.de\/blog\/?p=1356"},"modified":"2013-05-20T09:58:29","modified_gmt":"2013-05-20T09:58:29","slug":"23-mai-jahr-des-glaubens","status":"publish","type":"post","link":"https:\/\/ecclesiae.de\/blog\/?p=1356","title":{"rendered":"23. Mai &#8211; &#8222;Jahr des Glaubens&#8220;"},"content":{"rendered":"<p>Die Einsamkeit ist der Weg,<\/p>\n<p>der zum Leben f\u00fchrt.<\/p>\n<p>Hier tauscht man Himmlisches f\u00fcr Irdisches ein<\/p>\n<p>und Ewiges f\u00fcr Verg\u00e4ngliches.<\/p>\n<p>(<em>Bruno<\/em>)<\/p>\n","protected":false},"excerpt":{"rendered":"<p>Die Einsamkeit ist der Weg, der zum Leben f\u00fchrt. Hier tauscht man Himmlisches f\u00fcr Irdisches ein und Ewiges f\u00fcr Verg\u00e4ngliches. (Bruno)<\/p>\n","protected":false},"author":3,"featured_media":0,"comment_status":"open","ping_status":"closed","sticky":false,"template":"","format":"standard","meta":{"footnotes":""},"categories":[1],"tags":[],"class_list":["post-1356","post","type-post","status-publish","format-standard","hentry","category-uncategorized"],"_links":{"self":[{"href":"https:\/\/ecclesiae.de\/blog\/index.php?rest_route=\/wp\/v2\/posts\/1356","targetHints":{"allow":["GET"]}}],"collection":[{"href":"https:\/\/ecclesiae.de\/blog\/index.php?rest_route=\/wp\/v2\/posts"}],"about":[{"href":"https:\/\/ecclesiae.de\/blog\/index.php?rest_route=\/wp\/v2\/types\/post"}],"author":[{"embeddable":true,"href":"https:\/\/ecclesiae.de\/blog\/index.php?rest_route=\/wp\/v2\/users\/3"}],"replies":[{"embeddable":true,"href":"https:\/\/ecclesiae.de\/blog\/index.php?rest_route=%2Fwp%2Fv2%2Fcomments&post=1356"}],"version-history":[{"count":1,"href":"https:\/\/ecclesiae.de\/blog\/index.php?rest_route=\/wp\/v2\/posts\/1356\/revisions"}],"predecessor-version":[{"id":1357,"href":"https:\/\/ecclesiae.de\/blog\/index.php?rest_route=\/wp\/v2\/posts\/1356\/revisions\/1357"}],"wp:attachment":[{"href":"https:\/\/ecclesiae.de\/blog\/index.php?rest_route=%2Fwp%2Fv2%2Fmedia&parent=1356"}],"wp:term":[{"taxonomy":"category","embeddable":true,"href":"https:\/\/ecclesiae.de\/blog\/index.php?rest_route=%2Fwp%2Fv2%2Fcategories&post=1356"},{"taxonomy":"post_tag","embeddable":true,"href":"https:\/\/ecclesiae.de\/blog\/index.php?rest_route=%2Fwp%2Fv2%2Ftags&post=1356"}],"curies":[{"name":"wp","href":"https:\/\/api.w.org\/{rel}","templated":true}]}}