{"id":14064,"date":"2025-11-14T00:27:00","date_gmt":"2025-11-13T23:27:00","guid":{"rendered":"https:\/\/ecclesiae.de\/blog\/?p=14064"},"modified":"2025-07-28T10:28:51","modified_gmt":"2025-07-28T08:28:51","slug":"14-november-4","status":"publish","type":"post","link":"https:\/\/ecclesiae.de\/blog\/?p=14064","title":{"rendered":"14. November"},"content":{"rendered":"\n<div class=\"wp-block-media-text is-stacked-on-mobile\"><figure class=\"wp-block-media-text__media\"><img loading=\"lazy\" decoding=\"async\" width=\"577\" height=\"1024\" src=\"https:\/\/ecclesiae.de\/blog\/wp-content\/uploads\/2025\/07\/14-2-577x1024.jpg\" alt=\"\" class=\"wp-image-14034 size-full\" srcset=\"https:\/\/ecclesiae.de\/blog\/wp-content\/uploads\/2025\/07\/14-2-577x1024.jpg 577w, https:\/\/ecclesiae.de\/blog\/wp-content\/uploads\/2025\/07\/14-2-169x300.jpg 169w, https:\/\/ecclesiae.de\/blog\/wp-content\/uploads\/2025\/07\/14-2-768x1364.jpg 768w, https:\/\/ecclesiae.de\/blog\/wp-content\/uploads\/2025\/07\/14-2-865x1536.jpg 865w, https:\/\/ecclesiae.de\/blog\/wp-content\/uploads\/2025\/07\/14-2-1153x2048.jpg 1153w, https:\/\/ecclesiae.de\/blog\/wp-content\/uploads\/2025\/07\/14-2-scaled.jpg 1441w\" sizes=\"auto, (max-width: 577px) 100vw, 577px\" \/><\/figure><div class=\"wp-block-media-text__content\">\n<p class=\"has-text-align-center\">Der Mensch soll sich auf das Licht der g\u00f6ttlichen Liebe ausrichten. Es geht darum, im Dunkel der S\u00fcnde und der Tr\u00fcbsal, das uns umgibt und immer wieder einholen will, Licht zu finden und herauszukommen aus diesem Dunkel. Im Licht seiner Liebe wird uns deutlich, dass wir Abbild Gottes sind, und wir lernen, da&nbsp;\u00df&nbsp;auch wir in den Mitmenschen dieses Bild erkennen und so ihn lieben k\u00f6nnen. Das ist das Kennzeichen f\u00fcr das Reich Gottes in der Welt, in das der Herr uns alle ruft. Er helfe uns, Zeugen f\u00fcr ihn und seine Liebe zu sein, die alle menschlichen Beziehungen und damit die Welt im Ganzen umwandelt.&nbsp;<\/p>\n\n\n\n<p class=\"has-text-align-center\">Papst Benedikt XVI. am 4. November 2012<\/p>\n<\/div><\/div>\n","protected":false},"excerpt":{"rendered":"<p>Der Mensch soll sich auf das Licht der g\u00f6ttlichen Liebe ausrichten. Es geht darum, im Dunkel der S\u00fcnde und der Tr\u00fcbsal, das uns umgibt und immer wieder einholen will, Licht zu finden und herauszukommen aus diesem Dunkel. Im Licht seiner &hellip; <a href=\"https:\/\/ecclesiae.de\/blog\/?p=14064\">Weiterlesen <span class=\"meta-nav\">&rarr;<\/span><\/a><\/p>\n","protected":false},"author":3,"featured_media":0,"comment_status":"open","ping_status":"closed","sticky":false,"template":"","format":"standard","meta":{"footnotes":""},"categories":[1],"tags":[],"class_list":["post-14064","post","type-post","status-publish","format-standard","hentry","category-uncategorized"],"_links":{"self":[{"href":"https:\/\/ecclesiae.de\/blog\/index.php?rest_route=\/wp\/v2\/posts\/14064","targetHints":{"allow":["GET"]}}],"collection":[{"href":"https:\/\/ecclesiae.de\/blog\/index.php?rest_route=\/wp\/v2\/posts"}],"about":[{"href":"https:\/\/ecclesiae.de\/blog\/index.php?rest_route=\/wp\/v2\/types\/post"}],"author":[{"embeddable":true,"href":"https:\/\/ecclesiae.de\/blog\/index.php?rest_route=\/wp\/v2\/users\/3"}],"replies":[{"embeddable":true,"href":"https:\/\/ecclesiae.de\/blog\/index.php?rest_route=%2Fwp%2Fv2%2Fcomments&post=14064"}],"version-history":[{"count":1,"href":"https:\/\/ecclesiae.de\/blog\/index.php?rest_route=\/wp\/v2\/posts\/14064\/revisions"}],"predecessor-version":[{"id":14065,"href":"https:\/\/ecclesiae.de\/blog\/index.php?rest_route=\/wp\/v2\/posts\/14064\/revisions\/14065"}],"wp:attachment":[{"href":"https:\/\/ecclesiae.de\/blog\/index.php?rest_route=%2Fwp%2Fv2%2Fmedia&parent=14064"}],"wp:term":[{"taxonomy":"category","embeddable":true,"href":"https:\/\/ecclesiae.de\/blog\/index.php?rest_route=%2Fwp%2Fv2%2Fcategories&post=14064"},{"taxonomy":"post_tag","embeddable":true,"href":"https:\/\/ecclesiae.de\/blog\/index.php?rest_route=%2Fwp%2Fv2%2Ftags&post=14064"}],"curies":[{"name":"wp","href":"https:\/\/api.w.org\/{rel}","templated":true}]}}