{"id":14066,"date":"2025-11-15T00:29:00","date_gmt":"2025-11-14T23:29:00","guid":{"rendered":"https:\/\/ecclesiae.de\/blog\/?p=14066"},"modified":"2025-07-28T10:30:40","modified_gmt":"2025-07-28T08:30:40","slug":"15-november-4","status":"publish","type":"post","link":"https:\/\/ecclesiae.de\/blog\/?p=14066","title":{"rendered":"15. November"},"content":{"rendered":"\n<div class=\"wp-block-media-text is-stacked-on-mobile\"><figure class=\"wp-block-media-text__media\"><img loading=\"lazy\" decoding=\"async\" width=\"1024\" height=\"768\" src=\"https:\/\/ecclesiae.de\/blog\/wp-content\/uploads\/2025\/07\/15-2-1024x768.jpg\" alt=\"\" class=\"wp-image-14035 size-full\" srcset=\"https:\/\/ecclesiae.de\/blog\/wp-content\/uploads\/2025\/07\/15-2-1024x768.jpg 1024w, https:\/\/ecclesiae.de\/blog\/wp-content\/uploads\/2025\/07\/15-2-300x225.jpg 300w, https:\/\/ecclesiae.de\/blog\/wp-content\/uploads\/2025\/07\/15-2-768x576.jpg 768w, https:\/\/ecclesiae.de\/blog\/wp-content\/uploads\/2025\/07\/15-2-1536x1152.jpg 1536w, https:\/\/ecclesiae.de\/blog\/wp-content\/uploads\/2025\/07\/15-2-2048x1536.jpg 2048w, https:\/\/ecclesiae.de\/blog\/wp-content\/uploads\/2025\/07\/15-2-400x300.jpg 400w\" sizes=\"auto, (max-width: 1024px) 100vw, 1024px\" \/><\/figure><div class=\"wp-block-media-text__content\">\n<p class=\"has-text-align-center has-medium-font-size\">Wir sind in den letzten beiden Wochen des Kirchenjahres angelangt. Danken wir dem Herrn, der es uns gew\u00e4hrt hat, ein weiteres Mal diesen alten und stets neuen Weg des Glaubens in der gro\u00dfen geistlichen Familie der Kirche zur\u00fcckzulegen!<\/p>\n<\/div><\/div>\n\n\n\n<p class=\"has-text-align-center has-medium-font-size\">Er ist ein unsch\u00e4tzbares Geschenk, das es uns gestattet, in der Geschichte das Geheimnis Christi zu leben und so in den Furchen unseres pers\u00f6nlichen und gemeinschaftlichen Daseins den Samen des Wortes Gottes zu empfangen, den Samen der Ewigkeit, der diese Welt von innen heraus verwandelt und sie auf das Himmelreich hin \u00f6ffnet.&nbsp;<\/p>\n\n\n\n<p class=\"has-text-align-center\">Papst Benedikt XVI. am 15. November 2009<\/p>\n","protected":false},"excerpt":{"rendered":"<p>Wir sind in den letzten beiden Wochen des Kirchenjahres angelangt. Danken wir dem Herrn, der es uns gew\u00e4hrt hat, ein weiteres Mal diesen alten und stets neuen Weg des Glaubens in der gro\u00dfen geistlichen Familie der Kirche zur\u00fcckzulegen! Er ist &hellip; <a href=\"https:\/\/ecclesiae.de\/blog\/?p=14066\">Weiterlesen <span class=\"meta-nav\">&rarr;<\/span><\/a><\/p>\n","protected":false},"author":3,"featured_media":0,"comment_status":"open","ping_status":"closed","sticky":false,"template":"","format":"standard","meta":{"footnotes":""},"categories":[1],"tags":[],"class_list":["post-14066","post","type-post","status-publish","format-standard","hentry","category-uncategorized"],"_links":{"self":[{"href":"https:\/\/ecclesiae.de\/blog\/index.php?rest_route=\/wp\/v2\/posts\/14066","targetHints":{"allow":["GET"]}}],"collection":[{"href":"https:\/\/ecclesiae.de\/blog\/index.php?rest_route=\/wp\/v2\/posts"}],"about":[{"href":"https:\/\/ecclesiae.de\/blog\/index.php?rest_route=\/wp\/v2\/types\/post"}],"author":[{"embeddable":true,"href":"https:\/\/ecclesiae.de\/blog\/index.php?rest_route=\/wp\/v2\/users\/3"}],"replies":[{"embeddable":true,"href":"https:\/\/ecclesiae.de\/blog\/index.php?rest_route=%2Fwp%2Fv2%2Fcomments&post=14066"}],"version-history":[{"count":1,"href":"https:\/\/ecclesiae.de\/blog\/index.php?rest_route=\/wp\/v2\/posts\/14066\/revisions"}],"predecessor-version":[{"id":14067,"href":"https:\/\/ecclesiae.de\/blog\/index.php?rest_route=\/wp\/v2\/posts\/14066\/revisions\/14067"}],"wp:attachment":[{"href":"https:\/\/ecclesiae.de\/blog\/index.php?rest_route=%2Fwp%2Fv2%2Fmedia&parent=14066"}],"wp:term":[{"taxonomy":"category","embeddable":true,"href":"https:\/\/ecclesiae.de\/blog\/index.php?rest_route=%2Fwp%2Fv2%2Fcategories&post=14066"},{"taxonomy":"post_tag","embeddable":true,"href":"https:\/\/ecclesiae.de\/blog\/index.php?rest_route=%2Fwp%2Fv2%2Ftags&post=14066"}],"curies":[{"name":"wp","href":"https:\/\/api.w.org\/{rel}","templated":true}]}}