{"id":1859,"date":"2013-12-18T00:00:19","date_gmt":"2013-12-18T00:00:19","guid":{"rendered":"http:\/\/ecclesiae.de\/blog\/?p=1859"},"modified":"2013-12-09T14:55:20","modified_gmt":"2013-12-09T14:55:20","slug":"18-dezember-ganz-dein","status":"publish","type":"post","link":"https:\/\/ecclesiae.de\/blog\/?p=1859","title":{"rendered":"18. Dezember &#8211; Ganz Dein&#8230;"},"content":{"rendered":"<p>Nur wer mutig ist und Gewalt anwendet, rei\u00dft das Himmelrech an sich.<\/p>\n<p>Nur der wird dort gekr\u00f6nt, der den guten Kampf gek\u00e4mpft hat<\/p>\n<p>im Geiste des Evangeliums, und nicht, weil es die Mode so wollte.<\/p>\n<p><em>(Ludwig Maria Grignon von Montfort)<\/em><\/p>\n","protected":false},"excerpt":{"rendered":"<p>Nur wer mutig ist und Gewalt anwendet, rei\u00dft das Himmelrech an sich. Nur der wird dort gekr\u00f6nt, der den guten Kampf gek\u00e4mpft hat im Geiste des Evangeliums, und nicht, weil es die Mode so wollte. (Ludwig Maria Grignon von Montfort)<\/p>\n","protected":false},"author":3,"featured_media":0,"comment_status":"open","ping_status":"closed","sticky":false,"template":"","format":"standard","meta":{"footnotes":""},"categories":[1],"tags":[],"class_list":["post-1859","post","type-post","status-publish","format-standard","hentry","category-uncategorized"],"_links":{"self":[{"href":"https:\/\/ecclesiae.de\/blog\/index.php?rest_route=\/wp\/v2\/posts\/1859","targetHints":{"allow":["GET"]}}],"collection":[{"href":"https:\/\/ecclesiae.de\/blog\/index.php?rest_route=\/wp\/v2\/posts"}],"about":[{"href":"https:\/\/ecclesiae.de\/blog\/index.php?rest_route=\/wp\/v2\/types\/post"}],"author":[{"embeddable":true,"href":"https:\/\/ecclesiae.de\/blog\/index.php?rest_route=\/wp\/v2\/users\/3"}],"replies":[{"embeddable":true,"href":"https:\/\/ecclesiae.de\/blog\/index.php?rest_route=%2Fwp%2Fv2%2Fcomments&post=1859"}],"version-history":[{"count":2,"href":"https:\/\/ecclesiae.de\/blog\/index.php?rest_route=\/wp\/v2\/posts\/1859\/revisions"}],"predecessor-version":[{"id":1861,"href":"https:\/\/ecclesiae.de\/blog\/index.php?rest_route=\/wp\/v2\/posts\/1859\/revisions\/1861"}],"wp:attachment":[{"href":"https:\/\/ecclesiae.de\/blog\/index.php?rest_route=%2Fwp%2Fv2%2Fmedia&parent=1859"}],"wp:term":[{"taxonomy":"category","embeddable":true,"href":"https:\/\/ecclesiae.de\/blog\/index.php?rest_route=%2Fwp%2Fv2%2Fcategories&post=1859"},{"taxonomy":"post_tag","embeddable":true,"href":"https:\/\/ecclesiae.de\/blog\/index.php?rest_route=%2Fwp%2Fv2%2Ftags&post=1859"}],"curies":[{"name":"wp","href":"https:\/\/api.w.org\/{rel}","templated":true}]}}