{"id":1864,"date":"2013-12-20T00:00:51","date_gmt":"2013-12-20T00:00:51","guid":{"rendered":"http:\/\/ecclesiae.de\/blog\/?p=1864"},"modified":"2013-12-09T15:05:21","modified_gmt":"2013-12-09T15:05:21","slug":"20-dezember-ganz-dein","status":"publish","type":"post","link":"https:\/\/ecclesiae.de\/blog\/?p=1864","title":{"rendered":"20. Dezember &#8211; Ganz Dein&#8230;"},"content":{"rendered":"<p>Wir haben einen harten Kampf zu k\u00e4mpfen: gegen unsern Geist, der uns verf\u00fchrt,<\/p>\n<p>weil er selber durch mancherlei Irrlichter und eine falsche Neugier verf\u00fchrt wird; gegen unsre W\u00fcnsche, die uns verwirren; gegen unsre Sinne, deren Gel\u00fcste die Seele beflecken und erdw\u00e4rts beugen. Trauriges Los des gefallenen Menschen. Aber Gott l\u00e4sst ihn nicht im Stich. Er kann siegen, wenn er will. (Fortsetzung am 21. Dezember)<\/p>\n<p><em>(Thomas von Kempen)<\/em><\/p>\n","protected":false},"excerpt":{"rendered":"<p>Wir haben einen harten Kampf zu k\u00e4mpfen: gegen unsern Geist, der uns verf\u00fchrt, weil er selber durch mancherlei Irrlichter und eine falsche Neugier verf\u00fchrt wird; gegen unsre W\u00fcnsche, die uns verwirren; gegen unsre Sinne, deren Gel\u00fcste die Seele beflecken und &hellip; <a href=\"https:\/\/ecclesiae.de\/blog\/?p=1864\">Weiterlesen <span class=\"meta-nav\">&rarr;<\/span><\/a><\/p>\n","protected":false},"author":3,"featured_media":0,"comment_status":"open","ping_status":"closed","sticky":false,"template":"","format":"standard","meta":{"footnotes":""},"categories":[1],"tags":[],"class_list":["post-1864","post","type-post","status-publish","format-standard","hentry","category-uncategorized"],"_links":{"self":[{"href":"https:\/\/ecclesiae.de\/blog\/index.php?rest_route=\/wp\/v2\/posts\/1864","targetHints":{"allow":["GET"]}}],"collection":[{"href":"https:\/\/ecclesiae.de\/blog\/index.php?rest_route=\/wp\/v2\/posts"}],"about":[{"href":"https:\/\/ecclesiae.de\/blog\/index.php?rest_route=\/wp\/v2\/types\/post"}],"author":[{"embeddable":true,"href":"https:\/\/ecclesiae.de\/blog\/index.php?rest_route=\/wp\/v2\/users\/3"}],"replies":[{"embeddable":true,"href":"https:\/\/ecclesiae.de\/blog\/index.php?rest_route=%2Fwp%2Fv2%2Fcomments&post=1864"}],"version-history":[{"count":1,"href":"https:\/\/ecclesiae.de\/blog\/index.php?rest_route=\/wp\/v2\/posts\/1864\/revisions"}],"predecessor-version":[{"id":1865,"href":"https:\/\/ecclesiae.de\/blog\/index.php?rest_route=\/wp\/v2\/posts\/1864\/revisions\/1865"}],"wp:attachment":[{"href":"https:\/\/ecclesiae.de\/blog\/index.php?rest_route=%2Fwp%2Fv2%2Fmedia&parent=1864"}],"wp:term":[{"taxonomy":"category","embeddable":true,"href":"https:\/\/ecclesiae.de\/blog\/index.php?rest_route=%2Fwp%2Fv2%2Fcategories&post=1864"},{"taxonomy":"post_tag","embeddable":true,"href":"https:\/\/ecclesiae.de\/blog\/index.php?rest_route=%2Fwp%2Fv2%2Ftags&post=1864"}],"curies":[{"name":"wp","href":"https:\/\/api.w.org\/{rel}","templated":true}]}}