{"id":1903,"date":"2014-01-01T00:00:29","date_gmt":"2014-01-01T00:00:29","guid":{"rendered":"http:\/\/ecclesiae.de\/blog\/?p=1903"},"modified":"2013-12-25T16:00:18","modified_gmt":"2013-12-25T16:00:18","slug":"01-januar-ganz-dein","status":"publish","type":"post","link":"https:\/\/ecclesiae.de\/blog\/?p=1903","title":{"rendered":"01. Januar &#8211; Ganz Dein&#8230;"},"content":{"rendered":"<p>Trockenheit in der Betrachtung &#8211; Fortsetzung<\/p>\n<p>L\u00e4sst Gott uns einfach stehen, ohne mit uns zu sprechen, als ob er uns nicht s\u00e4he und wir gar nicht in seiner Gegenwart w\u00e4ren, so d\u00fcrfen wir trotzdem nicht fortgehen, sondern m\u00fcssen im Gegenteil vor der unendlichen G\u00fcte in frommer und ruhiger Haltung verharren.<\/p>\n<p>(<em>nach Thomas von Kempen<\/em>)<\/p>\n","protected":false},"excerpt":{"rendered":"<p>Trockenheit in der Betrachtung &#8211; Fortsetzung L\u00e4sst Gott uns einfach stehen, ohne mit uns zu sprechen, als ob er uns nicht s\u00e4he und wir gar nicht in seiner Gegenwart w\u00e4ren, so d\u00fcrfen wir trotzdem nicht fortgehen, sondern m\u00fcssen im Gegenteil &hellip; <a href=\"https:\/\/ecclesiae.de\/blog\/?p=1903\">Weiterlesen <span class=\"meta-nav\">&rarr;<\/span><\/a><\/p>\n","protected":false},"author":3,"featured_media":0,"comment_status":"open","ping_status":"closed","sticky":false,"template":"","format":"standard","meta":{"footnotes":""},"categories":[1],"tags":[],"class_list":["post-1903","post","type-post","status-publish","format-standard","hentry","category-uncategorized"],"_links":{"self":[{"href":"https:\/\/ecclesiae.de\/blog\/index.php?rest_route=\/wp\/v2\/posts\/1903","targetHints":{"allow":["GET"]}}],"collection":[{"href":"https:\/\/ecclesiae.de\/blog\/index.php?rest_route=\/wp\/v2\/posts"}],"about":[{"href":"https:\/\/ecclesiae.de\/blog\/index.php?rest_route=\/wp\/v2\/types\/post"}],"author":[{"embeddable":true,"href":"https:\/\/ecclesiae.de\/blog\/index.php?rest_route=\/wp\/v2\/users\/3"}],"replies":[{"embeddable":true,"href":"https:\/\/ecclesiae.de\/blog\/index.php?rest_route=%2Fwp%2Fv2%2Fcomments&post=1903"}],"version-history":[{"count":2,"href":"https:\/\/ecclesiae.de\/blog\/index.php?rest_route=\/wp\/v2\/posts\/1903\/revisions"}],"predecessor-version":[{"id":1905,"href":"https:\/\/ecclesiae.de\/blog\/index.php?rest_route=\/wp\/v2\/posts\/1903\/revisions\/1905"}],"wp:attachment":[{"href":"https:\/\/ecclesiae.de\/blog\/index.php?rest_route=%2Fwp%2Fv2%2Fmedia&parent=1903"}],"wp:term":[{"taxonomy":"category","embeddable":true,"href":"https:\/\/ecclesiae.de\/blog\/index.php?rest_route=%2Fwp%2Fv2%2Fcategories&post=1903"},{"taxonomy":"post_tag","embeddable":true,"href":"https:\/\/ecclesiae.de\/blog\/index.php?rest_route=%2Fwp%2Fv2%2Ftags&post=1903"}],"curies":[{"name":"wp","href":"https:\/\/api.w.org\/{rel}","templated":true}]}}