{"id":1923,"date":"2014-01-09T00:00:28","date_gmt":"2014-01-09T00:00:28","guid":{"rendered":"http:\/\/ecclesiae.de\/blog\/?p=1923"},"modified":"2013-12-30T13:29:13","modified_gmt":"2013-12-30T13:29:13","slug":"09-januar-ganz-dein","status":"publish","type":"post","link":"https:\/\/ecclesiae.de\/blog\/?p=1923","title":{"rendered":"09. Januar &#8211; Ganz Dein&#8230;"},"content":{"rendered":"<p>&#8222;Wenn jemand fromm und gottgef\u00e4llig in Jesus Christus leben und daher Verfolgung leiden und t\u00e4glich sein Kreuz tragen will, so glaube ich nicht, dass er ohne liebende Marienverehrung imstande ist, gro\u00dfe Kreuze freudig und bis zum Ende zu tragen; denn sie ist es, die die Kreuze vers\u00fc\u00dft.&#8220;<\/p>\n<p><em>(hl. Ludwig Maria Grignon von Montfort)<\/em><\/p>\n","protected":false},"excerpt":{"rendered":"<p>&#8222;Wenn jemand fromm und gottgef\u00e4llig in Jesus Christus leben und daher Verfolgung leiden und t\u00e4glich sein Kreuz tragen will, so glaube ich nicht, dass er ohne liebende Marienverehrung imstande ist, gro\u00dfe Kreuze freudig und bis zum Ende zu tragen; denn &hellip; <a href=\"https:\/\/ecclesiae.de\/blog\/?p=1923\">Weiterlesen <span class=\"meta-nav\">&rarr;<\/span><\/a><\/p>\n","protected":false},"author":3,"featured_media":0,"comment_status":"open","ping_status":"closed","sticky":false,"template":"","format":"standard","meta":{"footnotes":""},"categories":[1],"tags":[],"class_list":["post-1923","post","type-post","status-publish","format-standard","hentry","category-uncategorized"],"_links":{"self":[{"href":"https:\/\/ecclesiae.de\/blog\/index.php?rest_route=\/wp\/v2\/posts\/1923","targetHints":{"allow":["GET"]}}],"collection":[{"href":"https:\/\/ecclesiae.de\/blog\/index.php?rest_route=\/wp\/v2\/posts"}],"about":[{"href":"https:\/\/ecclesiae.de\/blog\/index.php?rest_route=\/wp\/v2\/types\/post"}],"author":[{"embeddable":true,"href":"https:\/\/ecclesiae.de\/blog\/index.php?rest_route=\/wp\/v2\/users\/3"}],"replies":[{"embeddable":true,"href":"https:\/\/ecclesiae.de\/blog\/index.php?rest_route=%2Fwp%2Fv2%2Fcomments&post=1923"}],"version-history":[{"count":1,"href":"https:\/\/ecclesiae.de\/blog\/index.php?rest_route=\/wp\/v2\/posts\/1923\/revisions"}],"predecessor-version":[{"id":1924,"href":"https:\/\/ecclesiae.de\/blog\/index.php?rest_route=\/wp\/v2\/posts\/1923\/revisions\/1924"}],"wp:attachment":[{"href":"https:\/\/ecclesiae.de\/blog\/index.php?rest_route=%2Fwp%2Fv2%2Fmedia&parent=1923"}],"wp:term":[{"taxonomy":"category","embeddable":true,"href":"https:\/\/ecclesiae.de\/blog\/index.php?rest_route=%2Fwp%2Fv2%2Fcategories&post=1923"},{"taxonomy":"post_tag","embeddable":true,"href":"https:\/\/ecclesiae.de\/blog\/index.php?rest_route=%2Fwp%2Fv2%2Ftags&post=1923"}],"curies":[{"name":"wp","href":"https:\/\/api.w.org\/{rel}","templated":true}]}}