{"id":1933,"date":"2014-01-13T00:00:10","date_gmt":"2014-01-13T00:00:10","guid":{"rendered":"http:\/\/ecclesiae.de\/blog\/?p=1933"},"modified":"2014-01-13T08:14:06","modified_gmt":"2014-01-13T08:14:06","slug":"13-januar-ganz-dein","status":"publish","type":"post","link":"https:\/\/ecclesiae.de\/blog\/?p=1933","title":{"rendered":"13. Januar &#8211; Ganz Dein&#8230;"},"content":{"rendered":"<p>Der alte Feind bem\u00fcht sich bekanntlich nach Kr\u00e4ften, dein Verlangen nach dem Guten zu st\u00f6ren und dich von den frommen \u00dcbungen abzulenken.<\/p>\n<p>Um dich zu plagen und zu schrecken und dir das Gebet und die fromme Lesung zu verleiden, fl\u00f6\u00dft er dir eine Unmenge b\u00f6ser Gedanken ein.<\/p>\n<p>Er m\u00f6chte dich von der Beichte und der heiligen Kommunion zur\u00fcckhalten.<\/p>\n<p>Leih ihm kein Ohr, k\u00fcmmere dich gar nicht um ihn.<\/p>\n<p><em>(Thomas von Kempen)<\/em><\/p>\n<p>Sei Dir gewiss: <a href=\"http:\/\/vulgata.info\/index.php\/Kategorie:BIBLIA_SACRA:AT:Ps26\">&#8222;Der Herr ist mein Licht und mein Heil, vor wem sollte ich mich f\u00fcrchten? Der Herr ist der Beschirmer meines Lebens, vor wem sollte ich zagen?&#8220; <\/a><\/p>\n","protected":false},"excerpt":{"rendered":"<p>Der alte Feind bem\u00fcht sich bekanntlich nach Kr\u00e4ften, dein Verlangen nach dem Guten zu st\u00f6ren und dich von den frommen \u00dcbungen abzulenken. Um dich zu plagen und zu schrecken und dir das Gebet und die fromme Lesung zu verleiden, fl\u00f6\u00dft &hellip; <a href=\"https:\/\/ecclesiae.de\/blog\/?p=1933\">Weiterlesen <span class=\"meta-nav\">&rarr;<\/span><\/a><\/p>\n","protected":false},"author":3,"featured_media":0,"comment_status":"open","ping_status":"closed","sticky":false,"template":"","format":"standard","meta":{"footnotes":""},"categories":[1],"tags":[],"class_list":["post-1933","post","type-post","status-publish","format-standard","hentry","category-uncategorized"],"_links":{"self":[{"href":"https:\/\/ecclesiae.de\/blog\/index.php?rest_route=\/wp\/v2\/posts\/1933","targetHints":{"allow":["GET"]}}],"collection":[{"href":"https:\/\/ecclesiae.de\/blog\/index.php?rest_route=\/wp\/v2\/posts"}],"about":[{"href":"https:\/\/ecclesiae.de\/blog\/index.php?rest_route=\/wp\/v2\/types\/post"}],"author":[{"embeddable":true,"href":"https:\/\/ecclesiae.de\/blog\/index.php?rest_route=\/wp\/v2\/users\/3"}],"replies":[{"embeddable":true,"href":"https:\/\/ecclesiae.de\/blog\/index.php?rest_route=%2Fwp%2Fv2%2Fcomments&post=1933"}],"version-history":[{"count":2,"href":"https:\/\/ecclesiae.de\/blog\/index.php?rest_route=\/wp\/v2\/posts\/1933\/revisions"}],"predecessor-version":[{"id":1955,"href":"https:\/\/ecclesiae.de\/blog\/index.php?rest_route=\/wp\/v2\/posts\/1933\/revisions\/1955"}],"wp:attachment":[{"href":"https:\/\/ecclesiae.de\/blog\/index.php?rest_route=%2Fwp%2Fv2%2Fmedia&parent=1933"}],"wp:term":[{"taxonomy":"category","embeddable":true,"href":"https:\/\/ecclesiae.de\/blog\/index.php?rest_route=%2Fwp%2Fv2%2Fcategories&post=1933"},{"taxonomy":"post_tag","embeddable":true,"href":"https:\/\/ecclesiae.de\/blog\/index.php?rest_route=%2Fwp%2Fv2%2Ftags&post=1933"}],"curies":[{"name":"wp","href":"https:\/\/api.w.org\/{rel}","templated":true}]}}