{"id":1950,"date":"2014-01-21T00:00:17","date_gmt":"2014-01-21T00:00:17","guid":{"rendered":"http:\/\/ecclesiae.de\/blog\/?p=1950"},"modified":"2014-01-08T12:30:48","modified_gmt":"2014-01-08T12:30:48","slug":"21-januar-ganz-dein","status":"publish","type":"post","link":"https:\/\/ecclesiae.de\/blog\/?p=1950","title":{"rendered":"21. Januar &#8211; Ganz Dein&#8230;"},"content":{"rendered":"<p>Beichte nichts \u00dcberfl\u00fcssiges.<\/p>\n<p>Wenn du z.B. beichtest du habest den N\u00e4chsten nicht nach Geb\u00fchr geliebt, dann meinst du vielleicht, dass du dich eines Armen nicht angenommen hast, als dieses dir leicht m\u00f6glich gewesen w\u00e4re. Beichte dann den besonderen Fehler mit der Ursache des Fehlers: aus Nachl\u00e4ssigkeit, Herzensh\u00e4rte, Geringsch\u00e4tzung&#8230;..<\/p>\n<p>Klage dich ganz einfach an, wie du meinst, gefehlt zu haben, ohne allgemeine Formeln.<\/p>\n<p>(<em>nach dem hl. Franz von Sales<\/em>)<\/p>\n","protected":false},"excerpt":{"rendered":"<p>Beichte nichts \u00dcberfl\u00fcssiges. Wenn du z.B. beichtest du habest den N\u00e4chsten nicht nach Geb\u00fchr geliebt, dann meinst du vielleicht, dass du dich eines Armen nicht angenommen hast, als dieses dir leicht m\u00f6glich gewesen w\u00e4re. Beichte dann den besonderen Fehler mit &hellip; <a href=\"https:\/\/ecclesiae.de\/blog\/?p=1950\">Weiterlesen <span class=\"meta-nav\">&rarr;<\/span><\/a><\/p>\n","protected":false},"author":3,"featured_media":0,"comment_status":"open","ping_status":"closed","sticky":false,"template":"","format":"standard","meta":{"footnotes":""},"categories":[1],"tags":[],"class_list":["post-1950","post","type-post","status-publish","format-standard","hentry","category-uncategorized"],"_links":{"self":[{"href":"https:\/\/ecclesiae.de\/blog\/index.php?rest_route=\/wp\/v2\/posts\/1950","targetHints":{"allow":["GET"]}}],"collection":[{"href":"https:\/\/ecclesiae.de\/blog\/index.php?rest_route=\/wp\/v2\/posts"}],"about":[{"href":"https:\/\/ecclesiae.de\/blog\/index.php?rest_route=\/wp\/v2\/types\/post"}],"author":[{"embeddable":true,"href":"https:\/\/ecclesiae.de\/blog\/index.php?rest_route=\/wp\/v2\/users\/3"}],"replies":[{"embeddable":true,"href":"https:\/\/ecclesiae.de\/blog\/index.php?rest_route=%2Fwp%2Fv2%2Fcomments&post=1950"}],"version-history":[{"count":1,"href":"https:\/\/ecclesiae.de\/blog\/index.php?rest_route=\/wp\/v2\/posts\/1950\/revisions"}],"predecessor-version":[{"id":1951,"href":"https:\/\/ecclesiae.de\/blog\/index.php?rest_route=\/wp\/v2\/posts\/1950\/revisions\/1951"}],"wp:attachment":[{"href":"https:\/\/ecclesiae.de\/blog\/index.php?rest_route=%2Fwp%2Fv2%2Fmedia&parent=1950"}],"wp:term":[{"taxonomy":"category","embeddable":true,"href":"https:\/\/ecclesiae.de\/blog\/index.php?rest_route=%2Fwp%2Fv2%2Fcategories&post=1950"},{"taxonomy":"post_tag","embeddable":true,"href":"https:\/\/ecclesiae.de\/blog\/index.php?rest_route=%2Fwp%2Fv2%2Ftags&post=1950"}],"curies":[{"name":"wp","href":"https:\/\/api.w.org\/{rel}","templated":true}]}}