{"id":2091,"date":"2014-03-19T00:00:43","date_gmt":"2014-03-19T00:00:43","guid":{"rendered":"http:\/\/ecclesiae.de\/blog\/?p=2091"},"modified":"2014-03-13T13:50:18","modified_gmt":"2014-03-13T13:50:18","slug":"19-maerz-ganz-dein","status":"publish","type":"post","link":"https:\/\/ecclesiae.de\/blog\/?p=2091","title":{"rendered":"19. M\u00e4rz &#8211; Ganz Dein&#8230;"},"content":{"rendered":"<p>Das Haupt ist mit Dornen gekr\u00f6nt\u00a0 &#8211;\u00a0 und die Glieder sollten mit Rosen gekr\u00f6nt sein?<\/p>\n<p>Das Haupt wird auf dem Kreuzweg verh\u00f6hnt und beschmutzt; sollten die Glieder auf einem Thron in Wohlger\u00fcche geh\u00fcllt sein?<\/p>\n<p>Das Haupt hat kein Kissen, auf dem es ruhen kann; sollten die Glieder weich auf Federn und Daunen gebettet sein?<\/p>\n<p>Das w\u00e4re eine Ungeheuerlichkeit sondergleichen.<\/p>\n<p>&nbsp;<\/p>\n<p>Fortsetzung folgt&#8230;<\/p>\n<p><em>(Ludwig Maria Grignion von Montfort)<\/em><\/p>\n","protected":false},"excerpt":{"rendered":"<p>Das Haupt ist mit Dornen gekr\u00f6nt\u00a0 &#8211;\u00a0 und die Glieder sollten mit Rosen gekr\u00f6nt sein? Das Haupt wird auf dem Kreuzweg verh\u00f6hnt und beschmutzt; sollten die Glieder auf einem Thron in Wohlger\u00fcche geh\u00fcllt sein? Das Haupt hat kein Kissen, auf &hellip; <a href=\"https:\/\/ecclesiae.de\/blog\/?p=2091\">Weiterlesen <span class=\"meta-nav\">&rarr;<\/span><\/a><\/p>\n","protected":false},"author":3,"featured_media":0,"comment_status":"open","ping_status":"closed","sticky":false,"template":"","format":"standard","meta":{"footnotes":""},"categories":[1],"tags":[],"class_list":["post-2091","post","type-post","status-publish","format-standard","hentry","category-uncategorized"],"_links":{"self":[{"href":"https:\/\/ecclesiae.de\/blog\/index.php?rest_route=\/wp\/v2\/posts\/2091","targetHints":{"allow":["GET"]}}],"collection":[{"href":"https:\/\/ecclesiae.de\/blog\/index.php?rest_route=\/wp\/v2\/posts"}],"about":[{"href":"https:\/\/ecclesiae.de\/blog\/index.php?rest_route=\/wp\/v2\/types\/post"}],"author":[{"embeddable":true,"href":"https:\/\/ecclesiae.de\/blog\/index.php?rest_route=\/wp\/v2\/users\/3"}],"replies":[{"embeddable":true,"href":"https:\/\/ecclesiae.de\/blog\/index.php?rest_route=%2Fwp%2Fv2%2Fcomments&post=2091"}],"version-history":[{"count":1,"href":"https:\/\/ecclesiae.de\/blog\/index.php?rest_route=\/wp\/v2\/posts\/2091\/revisions"}],"predecessor-version":[{"id":2092,"href":"https:\/\/ecclesiae.de\/blog\/index.php?rest_route=\/wp\/v2\/posts\/2091\/revisions\/2092"}],"wp:attachment":[{"href":"https:\/\/ecclesiae.de\/blog\/index.php?rest_route=%2Fwp%2Fv2%2Fmedia&parent=2091"}],"wp:term":[{"taxonomy":"category","embeddable":true,"href":"https:\/\/ecclesiae.de\/blog\/index.php?rest_route=%2Fwp%2Fv2%2Fcategories&post=2091"},{"taxonomy":"post_tag","embeddable":true,"href":"https:\/\/ecclesiae.de\/blog\/index.php?rest_route=%2Fwp%2Fv2%2Ftags&post=2091"}],"curies":[{"name":"wp","href":"https:\/\/api.w.org\/{rel}","templated":true}]}}