{"id":2097,"date":"2014-03-22T00:00:32","date_gmt":"2014-03-22T00:00:32","guid":{"rendered":"http:\/\/ecclesiae.de\/blog\/?p=2097"},"modified":"2014-03-13T14:02:10","modified_gmt":"2014-03-13T14:02:10","slug":"22-maerz-ganz-dein","status":"publish","type":"post","link":"https:\/\/ecclesiae.de\/blog\/?p=2097","title":{"rendered":"22. M\u00e4rz &#8211; Ganz Dein&#8230;"},"content":{"rendered":"<p>Fortsetzung&#8230;<\/p>\n<p>Str\u00e4ubt euch nicht gegen den Mei\u00dfel, der euch gestaltet, gegen die Hand, die euch formt. Vielleicht will der g\u00f6ttliche Baumeister euch zu einem der Hauptsteine seines ewigen Baues machen, zu einem der sch\u00f6nsten Abbilder seines himmlischen Reiches; so lasst ihn denn gew\u00e4hren. Er liebt euch, er wei\u00df, was er tut, er hat Erfahrung. Alle seine Schl\u00e4ge sind geschickt und voller Liebe. Nicht einer davon ist verfehlt, wenn ihr ihn nicht durch eure Ungeduld vereitelt.<\/p>\n<p>Fortsetzung folgt&#8230;<\/p>\n<p><em>(Ludwig Maria Grignion von Montfort)<\/em><\/p>\n","protected":false},"excerpt":{"rendered":"<p>Fortsetzung&#8230; Str\u00e4ubt euch nicht gegen den Mei\u00dfel, der euch gestaltet, gegen die Hand, die euch formt. Vielleicht will der g\u00f6ttliche Baumeister euch zu einem der Hauptsteine seines ewigen Baues machen, zu einem der sch\u00f6nsten Abbilder seines himmlischen Reiches; so lasst &hellip; <a href=\"https:\/\/ecclesiae.de\/blog\/?p=2097\">Weiterlesen <span class=\"meta-nav\">&rarr;<\/span><\/a><\/p>\n","protected":false},"author":3,"featured_media":0,"comment_status":"open","ping_status":"closed","sticky":false,"template":"","format":"standard","meta":{"footnotes":""},"categories":[1],"tags":[],"class_list":["post-2097","post","type-post","status-publish","format-standard","hentry","category-uncategorized"],"_links":{"self":[{"href":"https:\/\/ecclesiae.de\/blog\/index.php?rest_route=\/wp\/v2\/posts\/2097","targetHints":{"allow":["GET"]}}],"collection":[{"href":"https:\/\/ecclesiae.de\/blog\/index.php?rest_route=\/wp\/v2\/posts"}],"about":[{"href":"https:\/\/ecclesiae.de\/blog\/index.php?rest_route=\/wp\/v2\/types\/post"}],"author":[{"embeddable":true,"href":"https:\/\/ecclesiae.de\/blog\/index.php?rest_route=\/wp\/v2\/users\/3"}],"replies":[{"embeddable":true,"href":"https:\/\/ecclesiae.de\/blog\/index.php?rest_route=%2Fwp%2Fv2%2Fcomments&post=2097"}],"version-history":[{"count":1,"href":"https:\/\/ecclesiae.de\/blog\/index.php?rest_route=\/wp\/v2\/posts\/2097\/revisions"}],"predecessor-version":[{"id":2098,"href":"https:\/\/ecclesiae.de\/blog\/index.php?rest_route=\/wp\/v2\/posts\/2097\/revisions\/2098"}],"wp:attachment":[{"href":"https:\/\/ecclesiae.de\/blog\/index.php?rest_route=%2Fwp%2Fv2%2Fmedia&parent=2097"}],"wp:term":[{"taxonomy":"category","embeddable":true,"href":"https:\/\/ecclesiae.de\/blog\/index.php?rest_route=%2Fwp%2Fv2%2Fcategories&post=2097"},{"taxonomy":"post_tag","embeddable":true,"href":"https:\/\/ecclesiae.de\/blog\/index.php?rest_route=%2Fwp%2Fv2%2Ftags&post=2097"}],"curies":[{"name":"wp","href":"https:\/\/api.w.org\/{rel}","templated":true}]}}