{"id":24,"date":"2012-01-02T08:31:36","date_gmt":"2012-01-02T08:31:36","guid":{"rendered":"http:\/\/ecclesiae.de\/blog\/?p=24"},"modified":"2012-01-03T11:58:28","modified_gmt":"2012-01-03T11:58:28","slug":"papstwort-des-tages-2","status":"publish","type":"post","link":"https:\/\/ecclesiae.de\/blog\/?p=24","title":{"rendered":"Papstwort des Tages"},"content":{"rendered":"<p>Jesus ist das Antlitz Gottes,<\/p>\n<p>er ist der Segen f\u00fcr jeden<\/p>\n<p>Menschen und f\u00fcr alle V\u00f6lker,<\/p>\n<p>er ist der Friede f\u00fcr die Welt.<\/p>\n<p>Danke, Heilige Mutter,<\/p>\n<p>dass du den Heiland, den<\/p>\n<p>Friedesnsf\u00fcrsten, geboren hast!<\/p>\n","protected":false},"excerpt":{"rendered":"<p>Jesus ist das Antlitz Gottes, er ist der Segen f\u00fcr jeden Menschen und f\u00fcr alle V\u00f6lker, er ist der Friede f\u00fcr die Welt. Danke, Heilige Mutter, dass du den Heiland, den Friedesnsf\u00fcrsten, geboren hast!<\/p>\n","protected":false},"author":6,"featured_media":0,"comment_status":"open","ping_status":"closed","sticky":false,"template":"","format":"standard","meta":{"footnotes":""},"categories":[1],"tags":[],"class_list":["post-24","post","type-post","status-publish","format-standard","hentry","category-uncategorized"],"_links":{"self":[{"href":"https:\/\/ecclesiae.de\/blog\/index.php?rest_route=\/wp\/v2\/posts\/24","targetHints":{"allow":["GET"]}}],"collection":[{"href":"https:\/\/ecclesiae.de\/blog\/index.php?rest_route=\/wp\/v2\/posts"}],"about":[{"href":"https:\/\/ecclesiae.de\/blog\/index.php?rest_route=\/wp\/v2\/types\/post"}],"author":[{"embeddable":true,"href":"https:\/\/ecclesiae.de\/blog\/index.php?rest_route=\/wp\/v2\/users\/6"}],"replies":[{"embeddable":true,"href":"https:\/\/ecclesiae.de\/blog\/index.php?rest_route=%2Fwp%2Fv2%2Fcomments&post=24"}],"version-history":[{"count":3,"href":"https:\/\/ecclesiae.de\/blog\/index.php?rest_route=\/wp\/v2\/posts\/24\/revisions"}],"predecessor-version":[{"id":34,"href":"https:\/\/ecclesiae.de\/blog\/index.php?rest_route=\/wp\/v2\/posts\/24\/revisions\/34"}],"wp:attachment":[{"href":"https:\/\/ecclesiae.de\/blog\/index.php?rest_route=%2Fwp%2Fv2%2Fmedia&parent=24"}],"wp:term":[{"taxonomy":"category","embeddable":true,"href":"https:\/\/ecclesiae.de\/blog\/index.php?rest_route=%2Fwp%2Fv2%2Fcategories&post=24"},{"taxonomy":"post_tag","embeddable":true,"href":"https:\/\/ecclesiae.de\/blog\/index.php?rest_route=%2Fwp%2Fv2%2Ftags&post=24"}],"curies":[{"name":"wp","href":"https:\/\/api.w.org\/{rel}","templated":true}]}}