{"id":312,"date":"2012-04-16T00:00:32","date_gmt":"2012-04-16T00:00:32","guid":{"rendered":"http:\/\/ecclesiae.de\/blog\/?p=312"},"modified":"2012-01-27T14:10:20","modified_gmt":"2012-01-27T14:10:20","slug":"papstwort-des-tages-106","status":"publish","type":"post","link":"https:\/\/ecclesiae.de\/blog\/?p=312","title":{"rendered":"Papstwort des Tages"},"content":{"rendered":"<p>In der Osterzeit l\u00e4dt uns<\/p>\n<p>das Gebet <em>Regina Caeli<\/em> ein,<\/p>\n<p>uns mit Maria \u00fcber die Auferstehung ihres Sohnes<\/p>\n<p>zu freuen und sie um ihre<\/p>\n<p>F\u00fcrbitte anzurufen.<\/p>\n<p>&#8222;Bitt Gott f\u00fcr uns, Maria.&#8220;<\/p>\n","protected":false},"excerpt":{"rendered":"<p>In der Osterzeit l\u00e4dt uns das Gebet Regina Caeli ein, uns mit Maria \u00fcber die Auferstehung ihres Sohnes zu freuen und sie um ihre F\u00fcrbitte anzurufen. &#8222;Bitt Gott f\u00fcr uns, Maria.&#8220;<\/p>\n","protected":false},"author":3,"featured_media":0,"comment_status":"open","ping_status":"closed","sticky":false,"template":"","format":"standard","meta":{"footnotes":""},"categories":[1],"tags":[],"class_list":["post-312","post","type-post","status-publish","format-standard","hentry","category-uncategorized"],"_links":{"self":[{"href":"https:\/\/ecclesiae.de\/blog\/index.php?rest_route=\/wp\/v2\/posts\/312","targetHints":{"allow":["GET"]}}],"collection":[{"href":"https:\/\/ecclesiae.de\/blog\/index.php?rest_route=\/wp\/v2\/posts"}],"about":[{"href":"https:\/\/ecclesiae.de\/blog\/index.php?rest_route=\/wp\/v2\/types\/post"}],"author":[{"embeddable":true,"href":"https:\/\/ecclesiae.de\/blog\/index.php?rest_route=\/wp\/v2\/users\/3"}],"replies":[{"embeddable":true,"href":"https:\/\/ecclesiae.de\/blog\/index.php?rest_route=%2Fwp%2Fv2%2Fcomments&post=312"}],"version-history":[{"count":2,"href":"https:\/\/ecclesiae.de\/blog\/index.php?rest_route=\/wp\/v2\/posts\/312\/revisions"}],"predecessor-version":[{"id":314,"href":"https:\/\/ecclesiae.de\/blog\/index.php?rest_route=\/wp\/v2\/posts\/312\/revisions\/314"}],"wp:attachment":[{"href":"https:\/\/ecclesiae.de\/blog\/index.php?rest_route=%2Fwp%2Fv2%2Fmedia&parent=312"}],"wp:term":[{"taxonomy":"category","embeddable":true,"href":"https:\/\/ecclesiae.de\/blog\/index.php?rest_route=%2Fwp%2Fv2%2Fcategories&post=312"},{"taxonomy":"post_tag","embeddable":true,"href":"https:\/\/ecclesiae.de\/blog\/index.php?rest_route=%2Fwp%2Fv2%2Ftags&post=312"}],"curies":[{"name":"wp","href":"https:\/\/api.w.org\/{rel}","templated":true}]}}