{"id":315,"date":"2012-04-17T00:00:05","date_gmt":"2012-04-17T00:00:05","guid":{"rendered":"http:\/\/ecclesiae.de\/blog\/?p=315"},"modified":"2012-01-27T14:24:42","modified_gmt":"2012-01-27T14:24:42","slug":"papstwort-des-tages-107","status":"publish","type":"post","link":"https:\/\/ecclesiae.de\/blog\/?p=315","title":{"rendered":"Papstwort des Tages"},"content":{"rendered":"<p>Gest\u00e4rkt durch unseren Glauben<\/p>\n<p>an den auferstandenen Christus<\/p>\n<p>wollen wir die \u00f6sterliche Freude<\/p>\n<p>und die Sch\u00f6nheit der christlichen<\/p>\n<p>Hoffnung ausstrahlen.<\/p>\n","protected":false},"excerpt":{"rendered":"<p>Gest\u00e4rkt durch unseren Glauben an den auferstandenen Christus wollen wir die \u00f6sterliche Freude und die Sch\u00f6nheit der christlichen Hoffnung ausstrahlen.<\/p>\n","protected":false},"author":3,"featured_media":0,"comment_status":"open","ping_status":"closed","sticky":false,"template":"","format":"standard","meta":{"footnotes":""},"categories":[1],"tags":[],"class_list":["post-315","post","type-post","status-publish","format-standard","hentry","category-uncategorized"],"_links":{"self":[{"href":"https:\/\/ecclesiae.de\/blog\/index.php?rest_route=\/wp\/v2\/posts\/315","targetHints":{"allow":["GET"]}}],"collection":[{"href":"https:\/\/ecclesiae.de\/blog\/index.php?rest_route=\/wp\/v2\/posts"}],"about":[{"href":"https:\/\/ecclesiae.de\/blog\/index.php?rest_route=\/wp\/v2\/types\/post"}],"author":[{"embeddable":true,"href":"https:\/\/ecclesiae.de\/blog\/index.php?rest_route=\/wp\/v2\/users\/3"}],"replies":[{"embeddable":true,"href":"https:\/\/ecclesiae.de\/blog\/index.php?rest_route=%2Fwp%2Fv2%2Fcomments&post=315"}],"version-history":[{"count":1,"href":"https:\/\/ecclesiae.de\/blog\/index.php?rest_route=\/wp\/v2\/posts\/315\/revisions"}],"predecessor-version":[{"id":316,"href":"https:\/\/ecclesiae.de\/blog\/index.php?rest_route=\/wp\/v2\/posts\/315\/revisions\/316"}],"wp:attachment":[{"href":"https:\/\/ecclesiae.de\/blog\/index.php?rest_route=%2Fwp%2Fv2%2Fmedia&parent=315"}],"wp:term":[{"taxonomy":"category","embeddable":true,"href":"https:\/\/ecclesiae.de\/blog\/index.php?rest_route=%2Fwp%2Fv2%2Fcategories&post=315"},{"taxonomy":"post_tag","embeddable":true,"href":"https:\/\/ecclesiae.de\/blog\/index.php?rest_route=%2Fwp%2Fv2%2Ftags&post=315"}],"curies":[{"name":"wp","href":"https:\/\/api.w.org\/{rel}","templated":true}]}}