{"id":3152,"date":"2023-03-17T00:00:00","date_gmt":"2023-03-17T00:00:00","guid":{"rendered":"http:\/\/ecclesiae.de\/blog\/?p=3152"},"modified":"2023-01-12T13:18:14","modified_gmt":"2023-01-12T13:18:14","slug":"17-maerz-gott-ruft-uns","status":"publish","type":"post","link":"https:\/\/ecclesiae.de\/blog\/?p=3152","title":{"rendered":"17. M\u00e4rz &#8211; Gott ruft uns"},"content":{"rendered":"<p><a href=\"https:\/\/ecclesiae.de\/blog\/wp-content\/uploads\/2015\/02\/450px-Maerzenbecher.jpg\"><img loading=\"lazy\" decoding=\"async\" class=\" size-medium wp-image-3154 alignleft\" src=\"https:\/\/ecclesiae.de\/blog\/wp-content\/uploads\/2015\/02\/450px-Maerzenbecher-225x300.jpg\" alt=\"450px-Maerzenbecher\" width=\"225\" height=\"300\" srcset=\"https:\/\/ecclesiae.de\/blog\/wp-content\/uploads\/2015\/02\/450px-Maerzenbecher-225x300.jpg 225w, https:\/\/ecclesiae.de\/blog\/wp-content\/uploads\/2015\/02\/450px-Maerzenbecher.jpg 450w\" sizes=\"auto, (max-width: 225px) 100vw, 225px\" \/><\/a>Wie oft sind wir f\u00fcr die Stimme Gottes taub. Leben wir immer mehr in der geistigen Welt, dann sind wir auch empf\u00e4nglicher f\u00fcr die Stimme Gottes in unserem Leben, selbst wenn es sich nur um ein leises Fl\u00fcstern handelt. Die geistige Welt ist die Welt der Wirklichkeit.<\/p>\n<p>Der Hauptabschnitt unseres Lebens ist das geistige Leben. Wenn wir das so sehen, bekommen wir eine neue Auffassung \u00fcber Leid, Misserfolg, unsere verrichtete Arbeit, \u00fcber Kampf, Niederlage, Freude, Misserfolg, Ruhe, Erfolg\u2026..<\/p>\n","protected":false},"excerpt":{"rendered":"<p>Wie oft sind wir f\u00fcr die Stimme Gottes taub. Leben wir immer mehr in der geistigen Welt, dann sind wir auch empf\u00e4nglicher f\u00fcr die Stimme Gottes in unserem Leben, selbst wenn es sich nur um ein leises Fl\u00fcstern handelt. Die &hellip; <a href=\"https:\/\/ecclesiae.de\/blog\/?p=3152\">Weiterlesen <span class=\"meta-nav\">&rarr;<\/span><\/a><\/p>\n","protected":false},"author":3,"featured_media":0,"comment_status":"open","ping_status":"closed","sticky":false,"template":"","format":"standard","meta":{"footnotes":""},"categories":[1],"tags":[],"class_list":["post-3152","post","type-post","status-publish","format-standard","hentry","category-uncategorized"],"_links":{"self":[{"href":"https:\/\/ecclesiae.de\/blog\/index.php?rest_route=\/wp\/v2\/posts\/3152","targetHints":{"allow":["GET"]}}],"collection":[{"href":"https:\/\/ecclesiae.de\/blog\/index.php?rest_route=\/wp\/v2\/posts"}],"about":[{"href":"https:\/\/ecclesiae.de\/blog\/index.php?rest_route=\/wp\/v2\/types\/post"}],"author":[{"embeddable":true,"href":"https:\/\/ecclesiae.de\/blog\/index.php?rest_route=\/wp\/v2\/users\/3"}],"replies":[{"embeddable":true,"href":"https:\/\/ecclesiae.de\/blog\/index.php?rest_route=%2Fwp%2Fv2%2Fcomments&post=3152"}],"version-history":[{"count":3,"href":"https:\/\/ecclesiae.de\/blog\/index.php?rest_route=\/wp\/v2\/posts\/3152\/revisions"}],"predecessor-version":[{"id":11496,"href":"https:\/\/ecclesiae.de\/blog\/index.php?rest_route=\/wp\/v2\/posts\/3152\/revisions\/11496"}],"wp:attachment":[{"href":"https:\/\/ecclesiae.de\/blog\/index.php?rest_route=%2Fwp%2Fv2%2Fmedia&parent=3152"}],"wp:term":[{"taxonomy":"category","embeddable":true,"href":"https:\/\/ecclesiae.de\/blog\/index.php?rest_route=%2Fwp%2Fv2%2Fcategories&post=3152"},{"taxonomy":"post_tag","embeddable":true,"href":"https:\/\/ecclesiae.de\/blog\/index.php?rest_route=%2Fwp%2Fv2%2Ftags&post=3152"}],"curies":[{"name":"wp","href":"https:\/\/api.w.org\/{rel}","templated":true}]}}