{"id":317,"date":"2012-04-18T00:00:50","date_gmt":"2012-04-18T00:00:50","guid":{"rendered":"http:\/\/ecclesiae.de\/blog\/?p=317"},"modified":"2012-02-02T11:41:08","modified_gmt":"2012-02-02T11:41:08","slug":"papstwort-des-tages-108","status":"publish","type":"post","link":"https:\/\/ecclesiae.de\/blog\/?p=317","title":{"rendered":"Papstwort des Tages"},"content":{"rendered":"<p>Legen wir unsere Hand,<\/p>\n<p>liebe Freunde, in die m\u00fctterliche<\/p>\n<p>Hand Mariens, der K\u00f6nigin aller<\/p>\n<p>Heiligen, und lassen wir uns von<\/p>\n<p>ihr zur himmlischen Heimat<\/p>\n<p>f\u00fchren, begleitet von der seligen<\/p>\n<p>Schar &#8222;aus allen Nationen und<\/p>\n<p>St\u00e4mmen, V\u00f6lkern und<\/p>\n<p>Sprachen&#8220; (<a href=\"http:\/\/vulgata.info\/index.php\/Kategorie:Vulgata:NT:Offenb07\">Offb 7,9<\/a>).<\/p>\n","protected":false},"excerpt":{"rendered":"<p>Legen wir unsere Hand, liebe Freunde, in die m\u00fctterliche Hand Mariens, der K\u00f6nigin aller Heiligen, und lassen wir uns von ihr zur himmlischen Heimat f\u00fchren, begleitet von der seligen Schar &#8222;aus allen Nationen und St\u00e4mmen, V\u00f6lkern und Sprachen&#8220; (Offb 7,9).<\/p>\n","protected":false},"author":3,"featured_media":0,"comment_status":"open","ping_status":"closed","sticky":false,"template":"","format":"standard","meta":{"footnotes":""},"categories":[1],"tags":[],"class_list":["post-317","post","type-post","status-publish","format-standard","hentry","category-uncategorized"],"_links":{"self":[{"href":"https:\/\/ecclesiae.de\/blog\/index.php?rest_route=\/wp\/v2\/posts\/317","targetHints":{"allow":["GET"]}}],"collection":[{"href":"https:\/\/ecclesiae.de\/blog\/index.php?rest_route=\/wp\/v2\/posts"}],"about":[{"href":"https:\/\/ecclesiae.de\/blog\/index.php?rest_route=\/wp\/v2\/types\/post"}],"author":[{"embeddable":true,"href":"https:\/\/ecclesiae.de\/blog\/index.php?rest_route=\/wp\/v2\/users\/3"}],"replies":[{"embeddable":true,"href":"https:\/\/ecclesiae.de\/blog\/index.php?rest_route=%2Fwp%2Fv2%2Fcomments&post=317"}],"version-history":[{"count":2,"href":"https:\/\/ecclesiae.de\/blog\/index.php?rest_route=\/wp\/v2\/posts\/317\/revisions"}],"predecessor-version":[{"id":376,"href":"https:\/\/ecclesiae.de\/blog\/index.php?rest_route=\/wp\/v2\/posts\/317\/revisions\/376"}],"wp:attachment":[{"href":"https:\/\/ecclesiae.de\/blog\/index.php?rest_route=%2Fwp%2Fv2%2Fmedia&parent=317"}],"wp:term":[{"taxonomy":"category","embeddable":true,"href":"https:\/\/ecclesiae.de\/blog\/index.php?rest_route=%2Fwp%2Fv2%2Fcategories&post=317"},{"taxonomy":"post_tag","embeddable":true,"href":"https:\/\/ecclesiae.de\/blog\/index.php?rest_route=%2Fwp%2Fv2%2Ftags&post=317"}],"curies":[{"name":"wp","href":"https:\/\/api.w.org\/{rel}","templated":true}]}}