{"id":3329,"date":"2023-05-10T00:00:00","date_gmt":"2023-05-10T00:00:00","guid":{"rendered":"http:\/\/ecclesiae.de\/blog\/?p=3329"},"modified":"2023-02-06T12:43:59","modified_gmt":"2023-02-06T12:43:59","slug":"10-mai-gott-ruft-uns","status":"publish","type":"post","link":"https:\/\/ecclesiae.de\/blog\/?p=3329","title":{"rendered":"10. Mai &#8211; Gott ruft uns"},"content":{"rendered":"<p><a href=\"https:\/\/ecclesiae.de\/blog\/wp-content\/uploads\/2015\/04\/Gebet.jpeg\"><img loading=\"lazy\" decoding=\"async\" class=\" size-medium wp-image-3293 alignleft\" src=\"https:\/\/ecclesiae.de\/blog\/wp-content\/uploads\/2015\/04\/Gebet-225x300.jpeg\" alt=\"Gebet\" width=\"225\" height=\"300\" srcset=\"https:\/\/ecclesiae.de\/blog\/wp-content\/uploads\/2015\/04\/Gebet-225x300.jpeg 225w, https:\/\/ecclesiae.de\/blog\/wp-content\/uploads\/2015\/04\/Gebet.jpeg 450w\" sizes=\"auto, (max-width: 225px) 100vw, 225px\" \/><\/a>Es gibt soviele Missverst\u00e4ndnisse \u00fcber Gott in der Welt. Sprechen wir mit ihm dar\u00fcber. Ja, bem\u00fchen wir uns immer wieder gerade in unserem Bekanntenkreis um Verst\u00e4ndigung zwischen Gott und ihnen.<br \/>\nSehnen wir uns danach, Gottes Namen zu verk\u00fcnden und achten wir dabei nicht auf die M\u00fchen, noch auf den Verdruss, die Missverst\u00e4ndnisse oder Bedrohungen, die uns dadurch zuteil werden.<\/p>\n","protected":false},"excerpt":{"rendered":"<p>Es gibt soviele Missverst\u00e4ndnisse \u00fcber Gott in der Welt. Sprechen wir mit ihm dar\u00fcber. Ja, bem\u00fchen wir uns immer wieder gerade in unserem Bekanntenkreis um Verst\u00e4ndigung zwischen Gott und ihnen. Sehnen wir uns danach, Gottes Namen zu verk\u00fcnden und achten &hellip; <a href=\"https:\/\/ecclesiae.de\/blog\/?p=3329\">Weiterlesen <span class=\"meta-nav\">&rarr;<\/span><\/a><\/p>\n","protected":false},"author":3,"featured_media":0,"comment_status":"open","ping_status":"closed","sticky":false,"template":"","format":"standard","meta":{"footnotes":""},"categories":[1],"tags":[],"class_list":["post-3329","post","type-post","status-publish","format-standard","hentry","category-uncategorized"],"_links":{"self":[{"href":"https:\/\/ecclesiae.de\/blog\/index.php?rest_route=\/wp\/v2\/posts\/3329","targetHints":{"allow":["GET"]}}],"collection":[{"href":"https:\/\/ecclesiae.de\/blog\/index.php?rest_route=\/wp\/v2\/posts"}],"about":[{"href":"https:\/\/ecclesiae.de\/blog\/index.php?rest_route=\/wp\/v2\/types\/post"}],"author":[{"embeddable":true,"href":"https:\/\/ecclesiae.de\/blog\/index.php?rest_route=\/wp\/v2\/users\/3"}],"replies":[{"embeddable":true,"href":"https:\/\/ecclesiae.de\/blog\/index.php?rest_route=%2Fwp%2Fv2%2Fcomments&post=3329"}],"version-history":[{"count":2,"href":"https:\/\/ecclesiae.de\/blog\/index.php?rest_route=\/wp\/v2\/posts\/3329\/revisions"}],"predecessor-version":[{"id":11571,"href":"https:\/\/ecclesiae.de\/blog\/index.php?rest_route=\/wp\/v2\/posts\/3329\/revisions\/11571"}],"wp:attachment":[{"href":"https:\/\/ecclesiae.de\/blog\/index.php?rest_route=%2Fwp%2Fv2%2Fmedia&parent=3329"}],"wp:term":[{"taxonomy":"category","embeddable":true,"href":"https:\/\/ecclesiae.de\/blog\/index.php?rest_route=%2Fwp%2Fv2%2Fcategories&post=3329"},{"taxonomy":"post_tag","embeddable":true,"href":"https:\/\/ecclesiae.de\/blog\/index.php?rest_route=%2Fwp%2Fv2%2Ftags&post=3329"}],"curies":[{"name":"wp","href":"https:\/\/api.w.org\/{rel}","templated":true}]}}