{"id":3339,"date":"2023-05-14T00:00:00","date_gmt":"2023-05-14T00:00:00","guid":{"rendered":"http:\/\/ecclesiae.de\/blog\/?p=3339"},"modified":"2023-02-06T12:45:38","modified_gmt":"2023-02-06T12:45:38","slug":"14-mai-gott-ruft-uns","status":"publish","type":"post","link":"https:\/\/ecclesiae.de\/blog\/?p=3339","title":{"rendered":"14. Mai &#8211; Gott ruft uns"},"content":{"rendered":"<p><a href=\"https:\/\/ecclesiae.de\/blog\/wp-content\/uploads\/2015\/01\/DSCN00151.jpg\"><img loading=\"lazy\" decoding=\"async\" class=\"  wp-image-3076 alignleft\" src=\"https:\/\/ecclesiae.de\/blog\/wp-content\/uploads\/2015\/01\/DSCN00151-225x300.jpg\" alt=\"DSCN0015\" width=\"201\" height=\"265\"><\/a>Fasten muss nicht immer in der Enthaltung von Nahrung zu bestehen. Aber es ist durchaus notwendig f\u00fcr den Fortschritt im Leben mit Gott.<br \/>\nIm christlichen Leben gibt es keinen Stillstand, sondern nur Fortschritt oder R\u00fcckschritt.<br \/>\nJesus kaufte uns zur\u00fcck aus der Sklaverei der S\u00fcnde jeglicher Art und befreite uns.<br \/>\nDarum lassen wir uns nicht durch die Schw\u00e4che \u00fcberw\u00e4ltigen und in der Versuchung erliegen.<\/p>\n","protected":false},"excerpt":{"rendered":"<p>Fasten muss nicht immer in der Enthaltung von Nahrung zu bestehen. Aber es ist durchaus notwendig f\u00fcr den Fortschritt im Leben mit Gott. Im christlichen Leben gibt es keinen Stillstand, sondern nur Fortschritt oder R\u00fcckschritt. Jesus kaufte uns zur\u00fcck aus &hellip; <a href=\"https:\/\/ecclesiae.de\/blog\/?p=3339\">Weiterlesen <span class=\"meta-nav\">&rarr;<\/span><\/a><\/p>\n","protected":false},"author":3,"featured_media":0,"comment_status":"open","ping_status":"closed","sticky":false,"template":"","format":"standard","meta":{"footnotes":""},"categories":[1],"tags":[],"class_list":["post-3339","post","type-post","status-publish","format-standard","hentry","category-uncategorized"],"_links":{"self":[{"href":"https:\/\/ecclesiae.de\/blog\/index.php?rest_route=\/wp\/v2\/posts\/3339","targetHints":{"allow":["GET"]}}],"collection":[{"href":"https:\/\/ecclesiae.de\/blog\/index.php?rest_route=\/wp\/v2\/posts"}],"about":[{"href":"https:\/\/ecclesiae.de\/blog\/index.php?rest_route=\/wp\/v2\/types\/post"}],"author":[{"embeddable":true,"href":"https:\/\/ecclesiae.de\/blog\/index.php?rest_route=\/wp\/v2\/users\/3"}],"replies":[{"embeddable":true,"href":"https:\/\/ecclesiae.de\/blog\/index.php?rest_route=%2Fwp%2Fv2%2Fcomments&post=3339"}],"version-history":[{"count":2,"href":"https:\/\/ecclesiae.de\/blog\/index.php?rest_route=\/wp\/v2\/posts\/3339\/revisions"}],"predecessor-version":[{"id":11575,"href":"https:\/\/ecclesiae.de\/blog\/index.php?rest_route=\/wp\/v2\/posts\/3339\/revisions\/11575"}],"wp:attachment":[{"href":"https:\/\/ecclesiae.de\/blog\/index.php?rest_route=%2Fwp%2Fv2%2Fmedia&parent=3339"}],"wp:term":[{"taxonomy":"category","embeddable":true,"href":"https:\/\/ecclesiae.de\/blog\/index.php?rest_route=%2Fwp%2Fv2%2Fcategories&post=3339"},{"taxonomy":"post_tag","embeddable":true,"href":"https:\/\/ecclesiae.de\/blog\/index.php?rest_route=%2Fwp%2Fv2%2Ftags&post=3339"}],"curies":[{"name":"wp","href":"https:\/\/api.w.org\/{rel}","templated":true}]}}