{"id":3363,"date":"2023-05-18T00:00:00","date_gmt":"2023-05-18T00:00:00","guid":{"rendered":"http:\/\/ecclesiae.de\/blog\/?p=3363"},"modified":"2023-02-06T12:47:56","modified_gmt":"2023-02-06T12:47:56","slug":"18-mai-gott-ruft-uns","status":"publish","type":"post","link":"https:\/\/ecclesiae.de\/blog\/?p=3363","title":{"rendered":"18. Mai &#8211; Gott ruft uns"},"content":{"rendered":"<p><a href=\"https:\/\/ecclesiae.de\/blog\/wp-content\/uploads\/2015\/02\/449px-100_8553.jpg\"><img loading=\"lazy\" decoding=\"async\" class=\" size-medium wp-image-3124 alignleft\" src=\"https:\/\/ecclesiae.de\/blog\/wp-content\/uploads\/2015\/02\/449px-100_8553-225x300.jpg\" alt=\"449px-100_8553\" width=\"225\" height=\"300\" srcset=\"https:\/\/ecclesiae.de\/blog\/wp-content\/uploads\/2015\/02\/449px-100_8553-225x300.jpg 225w, https:\/\/ecclesiae.de\/blog\/wp-content\/uploads\/2015\/02\/449px-100_8553.jpg 449w\" sizes=\"auto, (max-width: 225px) 100vw, 225px\" \/><\/a><\/p>\n<p>&nbsp;<\/p>\n<p>Das Licht vertreibt die Krankheit.<\/p>\n<p>\u00dcberall wo Jesu Anh\u00e4nger hingehen, sollte sein Licht sie umgeben, das Licht der Sonne der Gerechtigkeit.<\/p>\n<p>B\u00f6ses kann in dem Licht nicht leben.<br \/>\nWas immer wir auch tun, immer sollten wir das Licht ausstrahlen.<\/p>\n","protected":false},"excerpt":{"rendered":"<p>&nbsp; Das Licht vertreibt die Krankheit. \u00dcberall wo Jesu Anh\u00e4nger hingehen, sollte sein Licht sie umgeben, das Licht der Sonne der Gerechtigkeit. B\u00f6ses kann in dem Licht nicht leben. Was immer wir auch tun, immer sollten wir das Licht ausstrahlen.<\/p>\n","protected":false},"author":3,"featured_media":0,"comment_status":"open","ping_status":"closed","sticky":false,"template":"","format":"standard","meta":{"footnotes":""},"categories":[1],"tags":[],"class_list":["post-3363","post","type-post","status-publish","format-standard","hentry","category-uncategorized"],"_links":{"self":[{"href":"https:\/\/ecclesiae.de\/blog\/index.php?rest_route=\/wp\/v2\/posts\/3363","targetHints":{"allow":["GET"]}}],"collection":[{"href":"https:\/\/ecclesiae.de\/blog\/index.php?rest_route=\/wp\/v2\/posts"}],"about":[{"href":"https:\/\/ecclesiae.de\/blog\/index.php?rest_route=\/wp\/v2\/types\/post"}],"author":[{"embeddable":true,"href":"https:\/\/ecclesiae.de\/blog\/index.php?rest_route=\/wp\/v2\/users\/3"}],"replies":[{"embeddable":true,"href":"https:\/\/ecclesiae.de\/blog\/index.php?rest_route=%2Fwp%2Fv2%2Fcomments&post=3363"}],"version-history":[{"count":2,"href":"https:\/\/ecclesiae.de\/blog\/index.php?rest_route=\/wp\/v2\/posts\/3363\/revisions"}],"predecessor-version":[{"id":11579,"href":"https:\/\/ecclesiae.de\/blog\/index.php?rest_route=\/wp\/v2\/posts\/3363\/revisions\/11579"}],"wp:attachment":[{"href":"https:\/\/ecclesiae.de\/blog\/index.php?rest_route=%2Fwp%2Fv2%2Fmedia&parent=3363"}],"wp:term":[{"taxonomy":"category","embeddable":true,"href":"https:\/\/ecclesiae.de\/blog\/index.php?rest_route=%2Fwp%2Fv2%2Fcategories&post=3363"},{"taxonomy":"post_tag","embeddable":true,"href":"https:\/\/ecclesiae.de\/blog\/index.php?rest_route=%2Fwp%2Fv2%2Ftags&post=3363"}],"curies":[{"name":"wp","href":"https:\/\/api.w.org\/{rel}","templated":true}]}}